{"id":6979,"date":"2018-01-18T11:56:47","date_gmt":"2018-01-18T13:56:47","guid":{"rendered":"https:\/\/blogs.correiobraziliense.com.br\/vicente\/?p=6979"},"modified":"2018-01-18T13:13:07","modified_gmt":"2018-01-18T15:13:07","slug":"estagiarios-ganham-sobrevida-no-ministerio-publico","status":"publish","type":"post","link":"https:\/\/blogs.correiobraziliense.com.br\/vicente\/estagiarios-ganham-sobrevida-no-ministerio-publico\/","title":{"rendered":"Estagi\u00e1rios ganham sobrevida no Minist\u00e9rio P\u00fablico"},"content":{"rendered":"<h2>RENATO SOUZA<\/h2>\n<h2><\/h2>\n<h2>O Minist\u00e9rio P\u00fablico do Distrito Federal e Territ\u00f3rios (MPDFT) decidiu adiar a dispensa de estagi\u00e1rios de n\u00edvel superior que estava prevista para \u00a01\u00ba de fevereiro. De acordo com comunicado da assessoria de comunica\u00e7\u00e3o do \u00f3rg\u00e3o, divulgado nesta quinta-feira (18), o fim dos contratos deve ocorrer em 30 de mar\u00e7o.<\/h2>\n<p>&nbsp;<\/p>\n<p>Como o <strong>Blog<\/strong> revelou em <a href=\"https:\/\/blogs.correiobraziliense.com.br\/vicente\/ministerio-publico-do-df-demite-estagiarios-para-construir-predio\/\">primeira m\u00e3o<\/a>, o programa de est\u00e1gio ser\u00e1 encerrado para que os recursos sejam usados na conclus\u00e3o da constru\u00e7\u00e3o do pr\u00e9dio que vai abrigar a Coordenadoria das Promotorias de Justi\u00e7a Bras\u00edlia II.<\/p>\n<p>&nbsp;<\/p>\n<p>O fim dos contratos foi anunciado em um e-mail interno, enviado pela Secretaria de Gest\u00e3o de Pessoas no dia 11 deste m\u00eas para os estudantes que participam do programa. Atualmente, est\u00e3o no \u00f3rg\u00e3o 260 estagi\u00e1rios de n\u00edvel superior.<\/p>\n<p>&nbsp;<\/p>\n<p>O est\u00e1gio de 214 estudantes de n\u00edvel m\u00e9dio se encerrou em dezembro e n\u00e3o foi renovado. A institui\u00e7\u00e3o alega que foi profundamente afetada pela limita\u00e7\u00e3o dos gastos p\u00fablicos, definida pelo governo federal. Com a suspens\u00e3o de contratos com estagi\u00e1rios o MP deve economizar mais de R$ 300 mil por m\u00eas.<\/p>\n<p>&nbsp;<\/p>\n<p>Cada aprendiz desempenha suas fun\u00e7\u00f5es por um per\u00edodo que varia de 4 a 6 horas por dia e recebe uma bolsa aux\u00edlio de R$ 590 para n\u00edvel m\u00e9dio e de \u00a0R$ 850 para superior. O \u00f3rg\u00e3o tamb\u00e9m paga R$ 7 por dia para custear o deslocamento at\u00e9 o local de trabalho, o que n\u00e3o contempla todo o valor da passagem de ida e volta, que sai ao custo de R$ 10.<\/p>\n<p>&nbsp;<\/p>\n<p><strong>Outro lado<\/strong><\/p>\n<p>&nbsp;<\/p>\n<p>Em nota enviada ao <strong>Blog<\/strong>, o Minist\u00e9rio P\u00fablico destaca que a &#8220;administra\u00e7\u00e3o superior reconsiderou a decis\u00e3o, ap\u00f3s conversar com os integrantes do MPDFT e explicar o risco or\u00e7ament\u00e1rio que essa prorroga\u00e7\u00e3o imp\u00f5e. Uma vez que a iniciativa tamb\u00e9m foi sugest\u00e3o deles e que agora todos est\u00e3o a par da situa\u00e7\u00e3o financeira, acredita-se que haver\u00e1 um esfor\u00e7o conjunto na economia de recursos. Em breve, ser\u00e1 refor\u00e7ada campanha de conscientiza\u00e7\u00e3o para a redu\u00e7\u00e3o de gastos com \u00e1gua, energia el\u00e9trica e material de consumo, entre outros. Considerando que j\u00e1 existe uma cultura de economia de recursos disseminada entre os integrantes do MPDFT, espera-se com isso obter bons resultados at\u00e9 o final do ano&#8221;.<\/p>\n<p>&nbsp;<\/p>\n<p><em>Bras\u00edlia, 11h56min<\/em><\/p>\n","protected":false},"excerpt":{"rendered":"<p>RENATO SOUZA O Minist\u00e9rio P\u00fablico do Distrito Federal e Territ\u00f3rios (MPDFT) decidiu adiar a dispensa de estagi\u00e1rios de n\u00edvel superior que estava prevista para \u00a01\u00ba de fevereiro. De acordo com comunicado da assessoria de comunica\u00e7\u00e3o do \u00f3rg\u00e3o, divulgado nesta quinta-feira (18), o fim dos contratos deve ocorrer em 30 de mar\u00e7o. &nbsp; Como o Blog [&hellip;]<\/p>\n","protected":false},"author":22,"featured_media":0,"comment_status":"open","ping_status":"closed","sticky":false,"template":"","format":"standard","meta":{"footnotes":""},"categories":[600],"tags":[3041,3064,3063,1079,889,3042],"class_list":["post-6979","post","type-post","status-publish","format-standard","hentry","category-economia","tag-construcao","tag-contrato","tag-encerramento","tag-estagiarios","tag-ministerio-publico","tag-predio"],"_links":{"self":[{"href":"https:\/\/blogs.correiobraziliense.com.br\/vicente\/wp-json\/wp\/v2\/posts\/6979","targetHints":{"allow":["GET"]}}],"collection":[{"href":"https:\/\/blogs.correiobraziliense.com.br\/vicente\/wp-json\/wp\/v2\/posts"}],"about":[{"href":"https:\/\/blogs.correiobraziliense.com.br\/vicente\/wp-json\/wp\/v2\/types\/post"}],"author":[{"embeddable":true,"href":"https:\/\/blogs.correiobraziliense.com.br\/vicente\/wp-json\/wp\/v2\/users\/22"}],"replies":[{"embeddable":true,"href":"https:\/\/blogs.correiobraziliense.com.br\/vicente\/wp-json\/wp\/v2\/comments?post=6979"}],"version-history":[{"count":5,"href":"https:\/\/blogs.correiobraziliense.com.br\/vicente\/wp-json\/wp\/v2\/posts\/6979\/revisions"}],"predecessor-version":[{"id":6984,"href":"https:\/\/blogs.correiobraziliense.com.br\/vicente\/wp-json\/wp\/v2\/posts\/6979\/revisions\/6984"}],"wp:attachment":[{"href":"https:\/\/blogs.correiobraziliense.com.br\/vicente\/wp-json\/wp\/v2\/media?parent=6979"}],"wp:term":[{"taxonomy":"category","embeddable":true,"href":"https:\/\/blogs.correiobraziliense.com.br\/vicente\/wp-json\/wp\/v2\/categories?post=6979"},{"taxonomy":"post_tag","embeddable":true,"href":"https:\/\/blogs.correiobraziliense.com.br\/vicente\/wp-json\/wp\/v2\/tags?post=6979"}],"curies":[{"name":"wp","href":"https:\/\/api.w.org\/{rel}","templated":true}]}}