{"id":6972,"date":"2018-01-17T22:01:43","date_gmt":"2018-01-18T00:01:43","guid":{"rendered":"https:\/\/blogs.correiobraziliense.com.br\/vicente\/?p=6972"},"modified":"2018-01-17T22:02:05","modified_gmt":"2018-01-18T00:02:05","slug":"o-periplo-de-meirelles-para-viabilizar-candidatura","status":"publish","type":"post","link":"https:\/\/blogs.correiobraziliense.com.br\/vicente\/o-periplo-de-meirelles-para-viabilizar-candidatura\/","title":{"rendered":"O p\u00e9riplo de Meirelles para viabilizar a candidatura"},"content":{"rendered":"<h2>HAMILTON FERRARI<\/h2>\n<h2>A quinta-feira (18\/1) ser\u00e1 agitada para o ministro da Fazenda, Henrique Meirelles. Na agenda oficial, ele dar\u00e1 entrevistas a tr\u00eas ve\u00edculos de comunica\u00e7\u00e3o: Jornal da Bahia no Ar, \u00e0s 9h (8h em Salvador); Folha de S\u00e3o Paulo, \u00e0s 12h30; e TV Bandeirantes, \u00e0s 14h.<\/h2>\n<h2><\/h2>\n<p>O filiado do PSD est\u00e1 a cada dia mais se expondo para o notici\u00e1rio. O ministro n\u00e3o esconde que tem interesse na Presid\u00eancia, mas diz que s\u00f3 tomar\u00e1 a decis\u00e3o no final de mar\u00e7o ou in\u00edcio e abril. Para concorrer \u00e0s elei\u00e7\u00f5es presidenciais, os candidatos precisam abandonar os cargos p\u00fablicos at\u00e9 o quarto m\u00eas do ano.<\/p>\n<p>&nbsp;<\/p>\n<p>O l\u00edder da equipe econ\u00f4mica tem muito apoio do mercado, que apoia as reformas propostas pelo Executivo. Mas encontra resist\u00eancia da popula\u00e7\u00e3o. Nas pesquisas de inten\u00e7\u00e3o voto, o ministro n\u00e3o passa dos 5%.<\/p>\n<p>&nbsp;<\/p>\n<p>Al\u00e9m disso, Meirelles n\u00e3o \u00e9 o \u00fanico que est\u00e1 cotado para ser candidato governista. H\u00e1, pelo menos, mais tr\u00eas nomes na briga: o governador de S\u00e3o Paulo e presidente do PSDB, Geraldo Alckimin, o presidente da C\u00e2mara, deputado Rodrigo Maia (DEM-RJ) e o pr\u00f3prio presidente, Michel Temer.<\/p>\n<p>&nbsp;<\/p>\n<p>Tudo deve ser desenhado at\u00e9 abril, mas antes o governo precisa vencer disputa que come\u00e7ou em 2016: a reforma da Previd\u00eancia Social. Por enquanto, o Executivo n\u00e3o tem os 308 votos necess\u00e1rios na C\u00e2mara para aprovar o texto em fevereiro.<\/p>\n<p><em>Bras\u00edlia, 22h01<\/em><\/p>\n","protected":false},"excerpt":{"rendered":"<p>HAMILTON FERRARI A quinta-feira (18\/1) ser\u00e1 agitada para o ministro da Fazenda, Henrique Meirelles. Na agenda oficial, ele dar\u00e1 entrevistas a tr\u00eas ve\u00edculos de comunica\u00e7\u00e3o: Jornal da Bahia no Ar, \u00e0s 9h (8h em Salvador); Folha de S\u00e3o Paulo, \u00e0s 12h30; e TV Bandeirantes, \u00e0s 14h. O filiado do PSD est\u00e1 a cada dia mais [&hellip;]<\/p>\n","protected":false},"author":22,"featured_media":0,"comment_status":"open","ping_status":"closed","sticky":false,"template":"","format":"standard","meta":{"footnotes":""},"categories":[600],"tags":[21,3060,92],"class_list":["post-6972","post","type-post","status-publish","format-standard","hentry","category-economia","tag-henrique-meirelles","tag-ministro-da-fazenda","tag-presidencia"],"_links":{"self":[{"href":"https:\/\/blogs.correiobraziliense.com.br\/vicente\/wp-json\/wp\/v2\/posts\/6972","targetHints":{"allow":["GET"]}}],"collection":[{"href":"https:\/\/blogs.correiobraziliense.com.br\/vicente\/wp-json\/wp\/v2\/posts"}],"about":[{"href":"https:\/\/blogs.correiobraziliense.com.br\/vicente\/wp-json\/wp\/v2\/types\/post"}],"author":[{"embeddable":true,"href":"https:\/\/blogs.correiobraziliense.com.br\/vicente\/wp-json\/wp\/v2\/users\/22"}],"replies":[{"embeddable":true,"href":"https:\/\/blogs.correiobraziliense.com.br\/vicente\/wp-json\/wp\/v2\/comments?post=6972"}],"version-history":[{"count":2,"href":"https:\/\/blogs.correiobraziliense.com.br\/vicente\/wp-json\/wp\/v2\/posts\/6972\/revisions"}],"predecessor-version":[{"id":6974,"href":"https:\/\/blogs.correiobraziliense.com.br\/vicente\/wp-json\/wp\/v2\/posts\/6972\/revisions\/6974"}],"wp:attachment":[{"href":"https:\/\/blogs.correiobraziliense.com.br\/vicente\/wp-json\/wp\/v2\/media?parent=6972"}],"wp:term":[{"taxonomy":"category","embeddable":true,"href":"https:\/\/blogs.correiobraziliense.com.br\/vicente\/wp-json\/wp\/v2\/categories?post=6972"},{"taxonomy":"post_tag","embeddable":true,"href":"https:\/\/blogs.correiobraziliense.com.br\/vicente\/wp-json\/wp\/v2\/tags?post=6972"}],"curies":[{"name":"wp","href":"https:\/\/api.w.org\/{rel}","templated":true}]}}