{"id":6967,"date":"2018-01-17T16:01:06","date_gmt":"2018-01-17T18:01:06","guid":{"rendered":"https:\/\/blogs.correiobraziliense.com.br\/vicente\/?p=6967"},"modified":"2018-01-17T17:30:47","modified_gmt":"2018-01-17T19:30:47","slug":"viagem-de-lula-etiopia-custara-mais-de-r-30-mil-aos-cofres-publicos","status":"publish","type":"post","link":"https:\/\/blogs.correiobraziliense.com.br\/vicente\/viagem-de-lula-etiopia-custara-mais-de-r-30-mil-aos-cofres-publicos\/","title":{"rendered":"Viagem de Lula \u00e0 Eti\u00f3pia custar\u00e1 mais de R$ 30 mil aos cofres p\u00fablicos"},"content":{"rendered":"<h2>BERNADO BITTAR<\/h2>\n<h2><\/h2>\n<h2>Os tr\u00eas assessores do ex-presidente Lula que viajar\u00e3o com ele para a Eti\u00f3pia neste m\u00eas de janeiro custar\u00e3o mais de R$ 30 mil aos cofres p\u00fablicos.<\/h2>\n<p>&nbsp;<\/p>\n<p>Rog\u00e9rio dos Santos, que embarcar\u00e1 para a Eti\u00f3pia dia 23 de janeiro, antes do julgamento do petista pelo Tribunal Regional Eleitoral da 4\u00aa Regi\u00e3o (TRF-4), e ficar\u00e1 l\u00e1 at\u00e9 29 de janeiro receber\u00e1, ao c\u00e2mbio de hoje, R$ 5.362,20 em di\u00e1rias (US$ 1.620). A passagem dele custou R$ 6.507,39 (US$ 1.965,98).<\/p>\n<p>&nbsp;<\/p>\n<p>No caso de Ricardo Messias Azevedo e de Valmir Moraes da Silva, que embarcar\u00e3o dia 26 para a Eti\u00f3pia e ficar\u00e3o por l\u00e1 at\u00e9 dia 29, ainda n\u00e3o foram emitidas as passagens. Mas, segundo t\u00e9cnicos do governo, como os bilhetes devem sair muito em cima da hora, os valores ser\u00e3o bem maiores do que o pago pela passagem de Rog\u00e9rio.<\/p>\n<p>&nbsp;<\/p>\n<p>Quanto \u00e0s di\u00e1rias, est\u00e3o previstos R$ 2.581.80 (US$ 780) para Ricardo Messias Azevedo e R$ 2.780,40 (US$ 840) para Valmir Silva.<\/p>\n<p>&nbsp;<\/p>\n<p>Lula ir\u00e1 \u00e0 Eti\u00f3pia a convite da FAO, bra\u00e7o da Organiza\u00e7\u00e3o das Na\u00e7\u00f5es Unidas (ONU) voltada para a alimenta\u00e7\u00e3o e a agricultura. O \u00f3rg\u00e3o \u00e9 presidido pelo ex-ministro petista Jos\u00e9 Graziano.<\/p>\n<p>&nbsp;<\/p>\n<p>Todo ex-presidente da Rep\u00fablica tem direito a um staff formado por servidores p\u00fablicos, pagos pelo governo.<\/p>\n<p>&nbsp;<\/p>\n<p>Bras\u00edlia, 16h01min<\/p>\n","protected":false},"excerpt":{"rendered":"<p>BERNADO BITTAR Os tr\u00eas assessores do ex-presidente Lula que viajar\u00e3o com ele para a Eti\u00f3pia neste m\u00eas de janeiro custar\u00e3o mais de R$ 30 mil aos cofres p\u00fablicos. &nbsp; Rog\u00e9rio dos Santos, que embarcar\u00e1 para a Eti\u00f3pia dia 23 de janeiro, antes do julgamento do petista pelo Tribunal Regional Eleitoral da 4\u00aa Regi\u00e3o (TRF-4), e [&hellip;]<\/p>\n","protected":false},"author":22,"featured_media":0,"comment_status":"open","ping_status":"closed","sticky":false,"template":"","format":"standard","meta":{"footnotes":""},"categories":[600],"tags":[3059,2429,3058,23,668],"class_list":["post-6967","post","type-post","status-publish","format-standard","hentry","category-economia","tag-cofres-publicos","tag-custo","tag-etiopia","tag-lula","tag-viagem"],"_links":{"self":[{"href":"https:\/\/blogs.correiobraziliense.com.br\/vicente\/wp-json\/wp\/v2\/posts\/6967","targetHints":{"allow":["GET"]}}],"collection":[{"href":"https:\/\/blogs.correiobraziliense.com.br\/vicente\/wp-json\/wp\/v2\/posts"}],"about":[{"href":"https:\/\/blogs.correiobraziliense.com.br\/vicente\/wp-json\/wp\/v2\/types\/post"}],"author":[{"embeddable":true,"href":"https:\/\/blogs.correiobraziliense.com.br\/vicente\/wp-json\/wp\/v2\/users\/22"}],"replies":[{"embeddable":true,"href":"https:\/\/blogs.correiobraziliense.com.br\/vicente\/wp-json\/wp\/v2\/comments?post=6967"}],"version-history":[{"count":3,"href":"https:\/\/blogs.correiobraziliense.com.br\/vicente\/wp-json\/wp\/v2\/posts\/6967\/revisions"}],"predecessor-version":[{"id":6970,"href":"https:\/\/blogs.correiobraziliense.com.br\/vicente\/wp-json\/wp\/v2\/posts\/6967\/revisions\/6970"}],"wp:attachment":[{"href":"https:\/\/blogs.correiobraziliense.com.br\/vicente\/wp-json\/wp\/v2\/media?parent=6967"}],"wp:term":[{"taxonomy":"category","embeddable":true,"href":"https:\/\/blogs.correiobraziliense.com.br\/vicente\/wp-json\/wp\/v2\/categories?post=6967"},{"taxonomy":"post_tag","embeddable":true,"href":"https:\/\/blogs.correiobraziliense.com.br\/vicente\/wp-json\/wp\/v2\/tags?post=6967"}],"curies":[{"name":"wp","href":"https:\/\/api.w.org\/{rel}","templated":true}]}}