{"id":6965,"date":"2018-01-17T15:01:50","date_gmt":"2018-01-17T17:01:50","guid":{"rendered":"https:\/\/blogs.correiobraziliense.com.br\/vicente\/?p=6965"},"modified":"2018-01-17T15:20:24","modified_gmt":"2018-01-17T17:20:24","slug":"caixa-define-nomes-para-substituirem-vice-presidentes-afastados","status":"publish","type":"post","link":"https:\/\/blogs.correiobraziliense.com.br\/vicente\/caixa-define-nomes-para-substituirem-vice-presidentes-afastados\/","title":{"rendered":"Caixa define nomes que substituir\u00e3o vice-presidentes afastados"},"content":{"rendered":"<p>POR RENATO SOUZA<\/p>\n<p>&nbsp;<\/p>\n<p>A Caixa Econ\u00f4mica Federal definiu os nomes que substituir\u00e3o os quatro vice-presidentes afastados por um decreto do presidente Michel Temer, publicado hoje\u00a0no Di\u00e1rio Oficial da Uni\u00e3o (DOU). O presidente do banco, Gilverto Occhi vai assinar as\u00a0portarias de designa\u00e7\u00e3o para substitui\u00e7\u00e3o, que autoriza que os interinos ocupem os cargos por 30 dias.<\/p>\n<p>&nbsp;<\/p>\n<p>O vice-presidente de Corporativo, Ant\u00f4nio Carlos Ferreira, ser\u00e1 substitu\u00eddo interinamente pelo diretor de Banco Corporativo, Luiz Gustavo Silva Portela; a vice-presidente de Fundos de Governo e Loterias, Deusdina Pereira, ser\u00e1 substitu\u00edda interinamente pelo diretor de Fundos de Governo, Valter Gon\u00e7alves Nunes.<\/p>\n<p>&nbsp;<\/p>\n<p>Al\u00e9m deles, o vice-presidente de Clientes, Neg\u00f3cios e Transforma\u00e7\u00e3o Digital, Jos\u00e9 Henrique Marques da Cruz, ser\u00e1 substitu\u00eddo pelo diretor de Clientes e Canais, Ademir Losekann; o vice-presidente de Governo, Roberto Derzi\u00ea de Sant Anna, ser\u00e1 substitu\u00eddo interinamente pelo diretor de Servi\u00e7os de Governo, Roberto Barros Barreto.<\/p>\n<p>Temer decidiu pelo afastamento dos executivos ap\u00f3s receber recomenda\u00e7\u00f5es neste sentido do Minist\u00e9rio P\u00fablico Federal (MPF) e do Banco Central. Os quatro s\u00e3o\u00a0alvos de investiga\u00e7\u00f5es realizadas pela Pol\u00edcia Federal que apuram desvios nos recursos geridos pelo banco p\u00fablico.<\/p>\n","protected":false},"excerpt":{"rendered":"<p>POR RENATO SOUZA &nbsp; A Caixa Econ\u00f4mica Federal definiu os nomes que substituir\u00e3o os quatro vice-presidentes afastados por um decreto do presidente Michel Temer, publicado hoje\u00a0no Di\u00e1rio Oficial da Uni\u00e3o (DOU). O presidente do banco, Gilverto Occhi vai assinar as\u00a0portarias de designa\u00e7\u00e3o para substitui\u00e7\u00e3o, que autoriza que os interinos ocupem os cargos por 30 dias. [&hellip;]<\/p>\n","protected":false},"author":22,"featured_media":0,"comment_status":"open","ping_status":"closed","sticky":false,"template":"","format":"standard","meta":{"footnotes":""},"categories":[600],"tags":[115,1091],"class_list":["post-6965","post","type-post","status-publish","format-standard","hentry","category-economia","tag-caixa-economica-federal","tag-vice-presidentes"],"_links":{"self":[{"href":"https:\/\/blogs.correiobraziliense.com.br\/vicente\/wp-json\/wp\/v2\/posts\/6965","targetHints":{"allow":["GET"]}}],"collection":[{"href":"https:\/\/blogs.correiobraziliense.com.br\/vicente\/wp-json\/wp\/v2\/posts"}],"about":[{"href":"https:\/\/blogs.correiobraziliense.com.br\/vicente\/wp-json\/wp\/v2\/types\/post"}],"author":[{"embeddable":true,"href":"https:\/\/blogs.correiobraziliense.com.br\/vicente\/wp-json\/wp\/v2\/users\/22"}],"replies":[{"embeddable":true,"href":"https:\/\/blogs.correiobraziliense.com.br\/vicente\/wp-json\/wp\/v2\/comments?post=6965"}],"version-history":[{"count":1,"href":"https:\/\/blogs.correiobraziliense.com.br\/vicente\/wp-json\/wp\/v2\/posts\/6965\/revisions"}],"predecessor-version":[{"id":6966,"href":"https:\/\/blogs.correiobraziliense.com.br\/vicente\/wp-json\/wp\/v2\/posts\/6965\/revisions\/6966"}],"wp:attachment":[{"href":"https:\/\/blogs.correiobraziliense.com.br\/vicente\/wp-json\/wp\/v2\/media?parent=6965"}],"wp:term":[{"taxonomy":"category","embeddable":true,"href":"https:\/\/blogs.correiobraziliense.com.br\/vicente\/wp-json\/wp\/v2\/categories?post=6965"},{"taxonomy":"post_tag","embeddable":true,"href":"https:\/\/blogs.correiobraziliense.com.br\/vicente\/wp-json\/wp\/v2\/tags?post=6965"}],"curies":[{"name":"wp","href":"https:\/\/api.w.org\/{rel}","templated":true}]}}