{"id":6959,"date":"2018-01-17T12:32:03","date_gmt":"2018-01-17T14:32:03","guid":{"rendered":"https:\/\/blogs.correiobraziliense.com.br\/vicente\/?p=6959"},"modified":"2018-01-17T12:35:32","modified_gmt":"2018-01-17T14:35:32","slug":"decreto-afasta-vice-presidentes-da-caixa-por-tempo-indeterminado","status":"publish","type":"post","link":"https:\/\/blogs.correiobraziliense.com.br\/vicente\/decreto-afasta-vice-presidentes-da-caixa-por-tempo-indeterminado\/","title":{"rendered":"Decreto afasta vice-presidentes da Caixa por tempo indeterminado"},"content":{"rendered":"<p>POR ANTONIO TEM\u00d3TEO<\/p>\n<p>&nbsp;<\/p>\n<p>O decreto do presidente da Rep\u00fablica, Michel Temer, publicado no Di\u00e1rio Oficial da Uni\u00e3o (DOU), afasta os quatro vice-presidentes da Caixa Econ\u00f4mica Federal por tempo indeterminado.\u00a0O texto informa que a decis\u00e3o do chefe do Executivo considerou o teor do of\u00edcio do Banco Central (BC), que sugere que os executivos deixem os postos que ocupam atualmente.<\/p>\n<p>&nbsp;<\/p>\n<p>Conforme o documento,\u00a0o afastamento ocorrer\u00e1 at\u00e9 a conclus\u00e3o da apura\u00e7\u00e3o dos fatos de que trata o of\u00edcio pelo conselho de administra\u00e7\u00e3o do banco p\u00fablico, assegurado o direito ao contradit\u00f3rio e \u00e0 ampla defesa aos\u00a0vice-presidentes.<\/p>\n<p>&nbsp;<\/p>\n<p>A expectativa do governo \u00e9 que o tema seja apreciado apenas pelo conselho de administra\u00e7\u00e3o do banco, j\u00e1 que o estatuto da empresa p\u00fablica deve ser alterado em reuni\u00e3o marcada para ocorrer em 19 de janeiro. Com isso, caber\u00e1 exclusivamente ao colegiado deliberar pela escolha e afastamento dos vice-presidentes.<\/p>\n","protected":false},"excerpt":{"rendered":"<p>POR ANTONIO TEM\u00d3TEO &nbsp; O decreto do presidente da Rep\u00fablica, Michel Temer, publicado no Di\u00e1rio Oficial da Uni\u00e3o (DOU), afasta os quatro vice-presidentes da Caixa Econ\u00f4mica Federal por tempo indeterminado.\u00a0O texto informa que a decis\u00e3o do chefe do Executivo considerou o teor do of\u00edcio do Banco Central (BC), que sugere que os executivos deixem os [&hellip;]<\/p>\n","protected":false},"author":22,"featured_media":0,"comment_status":"open","ping_status":"closed","sticky":false,"template":"","format":"standard","meta":{"footnotes":""},"categories":[600],"tags":[1219,110,115,1669,2371,111,3057,1091],"class_list":["post-6959","post","type-post","status-publish","format-standard","hentry","category-economia","tag-afastamento","tag-caixa","tag-caixa-economica-federal","tag-conselho-de-administracao","tag-decreto","tag-michel-temer","tag-tempo-indeterminado","tag-vice-presidentes"],"_links":{"self":[{"href":"https:\/\/blogs.correiobraziliense.com.br\/vicente\/wp-json\/wp\/v2\/posts\/6959","targetHints":{"allow":["GET"]}}],"collection":[{"href":"https:\/\/blogs.correiobraziliense.com.br\/vicente\/wp-json\/wp\/v2\/posts"}],"about":[{"href":"https:\/\/blogs.correiobraziliense.com.br\/vicente\/wp-json\/wp\/v2\/types\/post"}],"author":[{"embeddable":true,"href":"https:\/\/blogs.correiobraziliense.com.br\/vicente\/wp-json\/wp\/v2\/users\/22"}],"replies":[{"embeddable":true,"href":"https:\/\/blogs.correiobraziliense.com.br\/vicente\/wp-json\/wp\/v2\/comments?post=6959"}],"version-history":[{"count":3,"href":"https:\/\/blogs.correiobraziliense.com.br\/vicente\/wp-json\/wp\/v2\/posts\/6959\/revisions"}],"predecessor-version":[{"id":6962,"href":"https:\/\/blogs.correiobraziliense.com.br\/vicente\/wp-json\/wp\/v2\/posts\/6959\/revisions\/6962"}],"wp:attachment":[{"href":"https:\/\/blogs.correiobraziliense.com.br\/vicente\/wp-json\/wp\/v2\/media?parent=6959"}],"wp:term":[{"taxonomy":"category","embeddable":true,"href":"https:\/\/blogs.correiobraziliense.com.br\/vicente\/wp-json\/wp\/v2\/categories?post=6959"},{"taxonomy":"post_tag","embeddable":true,"href":"https:\/\/blogs.correiobraziliense.com.br\/vicente\/wp-json\/wp\/v2\/tags?post=6959"}],"curies":[{"name":"wp","href":"https:\/\/api.w.org\/{rel}","templated":true}]}}