{"id":6957,"date":"2018-01-17T12:21:45","date_gmt":"2018-01-17T14:21:45","guid":{"rendered":"https:\/\/blogs.correiobraziliense.com.br\/vicente\/?p=6957"},"modified":"2018-01-17T14:51:18","modified_gmt":"2018-01-17T16:51:18","slug":"correio-economico-occhi-na-mira-do-mpf","status":"publish","type":"post","link":"https:\/\/blogs.correiobraziliense.com.br\/vicente\/correio-economico-occhi-na-mira-do-mpf\/","title":{"rendered":"Correio Econ\u00f4mico: Presidente da Caixa na mira do Minist\u00e9rio P\u00fablico"},"content":{"rendered":"<h2>POR ANTONIO TEM\u00d3TEO<\/h2>\n<h2><\/h2>\n<h2>O presidente da Caixa Econ\u00f4mica Federal, Gilberto Occhi, tamb\u00e9m est\u00e1 na mira de auditoria externa conduzida pelo escrit\u00f3rio Pinheiro Neto Advogados e da corregedoria do banco p\u00fablico. O Minist\u00e9rio P\u00fablico Federal (MPF) espera a conclus\u00e3o das apura\u00e7\u00f5es para decidir se recomendar\u00e1 ao presidente Michel Temer o afastamento do comandante da estatal. O trabalho \u00e9 realizado \u00e0 parte dos que trataram dos vice-presidentes da Caixa.<\/h2>\n<p>&nbsp;<\/p>\n<p>Al\u00e9m de citado por investigadores da for\u00e7a-tarefa da Opera\u00e7\u00e3o Greenfield, Ochhi \u00e9 alvo de diversos delatores da Opera\u00e7\u00e3o Lava-Jato. O presidente da Caixa e o secret\u00e1rio-executivo do Minist\u00e9rio da Fazenda, Eduardo Guardia, estiveram ontem com o presidente do Banco Central (BC), Ilan Goldfajn. O encontro ocorreu seis dias ap\u00f3s o diretor de Fiscaliza\u00e7\u00e3o da autoridade monet\u00e1ria, Paulo S\u00e9rgio Neves de Souza, recomendar, em of\u00edcio enviado \u00e0 presidente do Conselho de Administra\u00e7\u00e3o do banco p\u00fablico, Ana Paula Vescovi, o afastamento de quatro vice-presidentes da institui\u00e7\u00e3o financeira.<\/p>\n<p>&nbsp;<\/p>\n<p>Conforme o documento do BC, a Caixa est\u00e1 exposta a riscos anormais, especialmente os de imagem, reputacional e legal, apontados pelo escrit\u00f3rio Pinheiro Neto. A autoridade monet\u00e1ria se refere a fatos apurados nas Opera\u00e7\u00f5es Origem, Cui Bono, Sepsis e Patmos, que apontaram esquemas de pagamento de propina em financiamentos do banco.<\/p>\n<p>&nbsp;<\/p>\n<p><strong>Inger\u00eancia pol\u00edtica<\/strong><\/p>\n<p>&nbsp;<\/p>\n<p>A auditoria independente, realizada a pedido do Conselho de Administra\u00e7\u00e3o, informou que os vice-presidentes Antonio Carlos Ferreira (Corporativo), Deusdina dos Reis Pereira (Fundos de Governo e Loterias), Roberto Derzi\u00ea (Governo) e Jos\u00e9 Henrique Marques da Cruz (Neg\u00f3cios) mant\u00eam proximidade com partidos pol\u00edticos e que podem ter cometido irregularidades.<\/p>\n<p>&nbsp;<\/p>\n<p>No documento do BC, Souza tamb\u00e9m cita recomenda\u00e7\u00f5es do Comit\u00ea de Basileia, de que os reguladores dos pa\u00edses membros devem estabelecer crit\u00e9rios para o exerc\u00edcio de cargos de dire\u00e7\u00e3o em institui\u00e7\u00f5es financeiras.<\/p>\n<p>&nbsp;<\/p>\n<p>Os investigadores do MPF detalharam que os partidos com inger\u00eancia na Caixa, entre eles PP, PMDB, PR e PRB, pressionavam o governo pela substitui\u00e7\u00e3o de Ana Paula Vescovi, que tamb\u00e9m \u00e9 secret\u00e1ria do Tesouro Nacional. Vescovi \u00e9 uma das entusiastas de mudan\u00e7as no estatuto do banco p\u00fablico para reformular o processo de sele\u00e7\u00e3o de executivos para presid\u00eancia, vice-presid\u00eancias e diretorias. Ela s\u00f3 n\u00e3o deixou o posto porque conta com o respaldo do ministro da Fazenda, Henrique Meirelles.<\/p>\n","protected":false},"excerpt":{"rendered":"<p>POR ANTONIO TEM\u00d3TEO O presidente da Caixa Econ\u00f4mica Federal, Gilberto Occhi, tamb\u00e9m est\u00e1 na mira de auditoria externa conduzida pelo escrit\u00f3rio Pinheiro Neto Advogados e da corregedoria do banco p\u00fablico. O Minist\u00e9rio P\u00fablico Federal (MPF) espera a conclus\u00e3o das apura\u00e7\u00f5es para decidir se recomendar\u00e1 ao presidente Michel Temer o afastamento do comandante da estatal. O [&hellip;]<\/p>\n","protected":false},"author":22,"featured_media":0,"comment_status":"open","ping_status":"closed","sticky":false,"template":"","format":"standard","meta":{"footnotes":""},"categories":[600],"tags":[3,106,110,115,296,3056,1926,1400,2603],"class_list":["post-6957","post","type-post","status-publish","format-standard","hentry","category-economia","tag-banco-central","tag-bc","tag-caixa","tag-caixa-economica-federal","tag-gilberto-occhi","tag-ingerencia-politica","tag-ministerio-publico-federal","tag-mpf","tag-partidos"],"_links":{"self":[{"href":"https:\/\/blogs.correiobraziliense.com.br\/vicente\/wp-json\/wp\/v2\/posts\/6957","targetHints":{"allow":["GET"]}}],"collection":[{"href":"https:\/\/blogs.correiobraziliense.com.br\/vicente\/wp-json\/wp\/v2\/posts"}],"about":[{"href":"https:\/\/blogs.correiobraziliense.com.br\/vicente\/wp-json\/wp\/v2\/types\/post"}],"author":[{"embeddable":true,"href":"https:\/\/blogs.correiobraziliense.com.br\/vicente\/wp-json\/wp\/v2\/users\/22"}],"replies":[{"embeddable":true,"href":"https:\/\/blogs.correiobraziliense.com.br\/vicente\/wp-json\/wp\/v2\/comments?post=6957"}],"version-history":[{"count":3,"href":"https:\/\/blogs.correiobraziliense.com.br\/vicente\/wp-json\/wp\/v2\/posts\/6957\/revisions"}],"predecessor-version":[{"id":6964,"href":"https:\/\/blogs.correiobraziliense.com.br\/vicente\/wp-json\/wp\/v2\/posts\/6957\/revisions\/6964"}],"wp:attachment":[{"href":"https:\/\/blogs.correiobraziliense.com.br\/vicente\/wp-json\/wp\/v2\/media?parent=6957"}],"wp:term":[{"taxonomy":"category","embeddable":true,"href":"https:\/\/blogs.correiobraziliense.com.br\/vicente\/wp-json\/wp\/v2\/categories?post=6957"},{"taxonomy":"post_tag","embeddable":true,"href":"https:\/\/blogs.correiobraziliense.com.br\/vicente\/wp-json\/wp\/v2\/tags?post=6957"}],"curies":[{"name":"wp","href":"https:\/\/api.w.org\/{rel}","templated":true}]}}