{"id":6949,"date":"2018-01-16T16:29:45","date_gmt":"2018-01-16T18:29:45","guid":{"rendered":"https:\/\/blogs.correiobraziliense.com.br\/vicente\/?p=6949"},"modified":"2018-01-16T16:29:45","modified_gmt":"2018-01-16T18:29:45","slug":"brasil-criara-1-milhao-de-empregos-com-carteira-assinada-em-2018","status":"publish","type":"post","link":"https:\/\/blogs.correiobraziliense.com.br\/vicente\/brasil-criara-1-milhao-de-empregos-com-carteira-assinada-em-2018\/","title":{"rendered":"Brasil criar\u00e1 1 milh\u00e3o de empregos com carteira assinada em 2018"},"content":{"rendered":"<h2>POR ANTONIO TEM\u00d3TEO<\/h2>\n<h2><\/h2>\n<h2>Ap\u00f3s tr\u00eas anos consecutivos de fechamento de vagas, o Brasil deve criar pelo menos 1 milh\u00e3o de empregos em 2018, estima o especialista em mercado de trabalho Rodolfo Peres Torelly. Segundo ele, a recupera\u00e7\u00e3o da atividade econ\u00f4mica impulsionar\u00e1 o ritmo de contrata\u00e7\u00f5es.<\/h2>\n<p>&nbsp;<\/p>\n<p><a href=\"https:\/\/www.youtube.com\/watch?v=msmoyVmDE_4\">https:\/\/www.youtube.com\/watch?v=msmoyVmDE_4<\/a><\/p>\n<p>&nbsp;<\/p>\n<p>O setor de servi\u00e7os e a ind\u00fastria devem liderar o processo de contrata\u00e7\u00e3o ao longo do ano, mas os brasileiros precisam ficar atentos \u00e0s oportunidades. E mais: ser\u00e1 preciso muita prepara\u00e7\u00e3o. As pessoas, de acordo com Torelly, n\u00e3o podem se acomodar. Devem fazer cursos, sobretudo de ingl\u00eas e na \u00e1rea de tecnologia. &#8220;A competi\u00e7\u00e3o ser\u00e1 cada vez maior&#8221;, avisa.<br \/>\nEm entrevista ao programa <strong>CB.Poder<\/strong>, uma parceria do <strong>Correio Braziliense<\/strong> com a<em> TV Bras\u00edlia<\/em>, Torelly\u00a0detalha que os trabalhadores que est\u00e3o na informalidade devem aderir ao programa Microempreendedor Individual para garantir cobertura do\u00a0Instituto Nacional do Seguro Social (INSS) e acumular tempo de contribui\u00e7\u00e3o para a aposentadoria.<\/p>\n<p>&nbsp;<\/p>\n<p>Para os que n\u00e3o querem empreender, a dica de Torelly \u00e9 atualizar os curr\u00edculos, procurar as ag\u00eancias p\u00fablicas e \u00a0privadas de emprego e expandir as redes de contatos. Ele afirma ainda que v\u00e1rias fronteiras de empregos est\u00e3o se abrindo no pa\u00eds, como Goi\u00e1s, Santa Catarina, Mato Grosso e Mato Grosso do Sul. Minas Gerais e S\u00e3o Paulo tamb\u00e9m v\u00e3o ampliar as oportunidades.<\/p>\n<p>&nbsp;<\/p>\n<p>Na avalia\u00e7\u00e3o do especialista, os empregadores tender\u00e3o a ser cada vez mais exigentes. O\u00a0n\u00edvel de capacita\u00e7\u00e3o da m\u00e3o de obra ser\u00e1 levado em conta na hora da contrata\u00e7\u00e3o. &#8220;As pessoas n\u00e3o devem se acomodar ou desistir. Quem n\u00e3o est\u00e1 empregado deve buscar cursos profissionalizantes, investir em um segundo idioma e n\u00e3o desanimar se receber uma resposta negativa em uma entrevista&#8221;, diz.<\/p>\n<p>&nbsp;<\/p>\n<p>Torelly lembra que, somente em 2015 e 2016, o Brasil fechou quase 3 milh\u00f5es de vagas formais de trabalho. Em 2017, o saldo deve ter ficado negativo entre 100 mil e 150 mil. No ano passado, at\u00e9 novembro, 17 das 27 unidades da federa\u00e7\u00e3o abriram mais postos de trabalho do que fecharam.<\/p>\n<p>&nbsp;<\/p>\n<p><em>Bras\u00edlia, 15h58min<\/em><\/p>\n","protected":false},"excerpt":{"rendered":"<p>POR ANTONIO TEM\u00d3TEO Ap\u00f3s tr\u00eas anos consecutivos de fechamento de vagas, o Brasil deve criar pelo menos 1 milh\u00e3o de empregos em 2018, estima o especialista em mercado de trabalho Rodolfo Peres Torelly. Segundo ele, a recupera\u00e7\u00e3o da atividade econ\u00f4mica impulsionar\u00e1 o ritmo de contrata\u00e7\u00f5es. &nbsp; &nbsp; O setor de servi\u00e7os e a ind\u00fastria devem [&hellip;]<\/p>\n","protected":false},"author":22,"featured_media":0,"comment_status":"open","ping_status":"closed","sticky":false,"template":"","format":"standard","meta":{"footnotes":""},"categories":[600],"tags":[1240,1343,3055,2401],"class_list":["post-6949","post","type-post","status-publish","format-standard","hentry","category-economia","tag-dicas","tag-emprego","tag-fronteiras","tag-vagas"],"_links":{"self":[{"href":"https:\/\/blogs.correiobraziliense.com.br\/vicente\/wp-json\/wp\/v2\/posts\/6949","targetHints":{"allow":["GET"]}}],"collection":[{"href":"https:\/\/blogs.correiobraziliense.com.br\/vicente\/wp-json\/wp\/v2\/posts"}],"about":[{"href":"https:\/\/blogs.correiobraziliense.com.br\/vicente\/wp-json\/wp\/v2\/types\/post"}],"author":[{"embeddable":true,"href":"https:\/\/blogs.correiobraziliense.com.br\/vicente\/wp-json\/wp\/v2\/users\/22"}],"replies":[{"embeddable":true,"href":"https:\/\/blogs.correiobraziliense.com.br\/vicente\/wp-json\/wp\/v2\/comments?post=6949"}],"version-history":[{"count":2,"href":"https:\/\/blogs.correiobraziliense.com.br\/vicente\/wp-json\/wp\/v2\/posts\/6949\/revisions"}],"predecessor-version":[{"id":6951,"href":"https:\/\/blogs.correiobraziliense.com.br\/vicente\/wp-json\/wp\/v2\/posts\/6949\/revisions\/6951"}],"wp:attachment":[{"href":"https:\/\/blogs.correiobraziliense.com.br\/vicente\/wp-json\/wp\/v2\/media?parent=6949"}],"wp:term":[{"taxonomy":"category","embeddable":true,"href":"https:\/\/blogs.correiobraziliense.com.br\/vicente\/wp-json\/wp\/v2\/categories?post=6949"},{"taxonomy":"post_tag","embeddable":true,"href":"https:\/\/blogs.correiobraziliense.com.br\/vicente\/wp-json\/wp\/v2\/tags?post=6949"}],"curies":[{"name":"wp","href":"https:\/\/api.w.org\/{rel}","templated":true}]}}