{"id":6946,"date":"2018-01-16T15:31:12","date_gmt":"2018-01-16T17:31:12","guid":{"rendered":"https:\/\/blogs.correiobraziliense.com.br\/vicente\/?p=6946"},"modified":"2018-01-16T15:31:12","modified_gmt":"2018-01-16T17:31:12","slug":"bolsa-de-valores-de-sp-supera-80-mil-pontos-pela-primeira-vez-na-historia","status":"publish","type":"post","link":"https:\/\/blogs.correiobraziliense.com.br\/vicente\/bolsa-de-valores-de-sp-supera-80-mil-pontos-pela-primeira-vez-na-historia\/","title":{"rendered":"Bolsa de Valores de SP supera 80 mil pontos pela primeira vez na hist\u00f3ria"},"content":{"rendered":"<p>HAMILTON FERRARI<\/p>\n<p>&nbsp;<\/p>\n<p>Pela primeira vez na hist\u00f3ria, a Bolsa de Valores de S\u00e3o Paulo (B3) atingiu o patamar de 80 mil pontos. O feito foi obtido no final da manh\u00e3 desta ter\u00e7a (16\/1), ap\u00f3s alta de 0,32%.<\/p>\n<p>&nbsp;<\/p>\n<p>O Ibovespa, principal indicador, foi influenciado pelos bons resultados das bolsas internacionais, principalmente a americana, que retomou hoje ap\u00f3s o feriado de Martin Luther King na segunda (15\/1). Al\u00e9m disso, h\u00e1 um otimismo quanto ao cen\u00e1rio econ\u00f4mico, que aponta uma expans\u00e3o da atividade.<\/p>\n<p>&nbsp;<\/p>\n<p>O cen\u00e1rio internacional tamb\u00e9m incentiva investimentos em pa\u00edses emergentes, como o Brasil, e ativos de risco, segundo analistas. O mercado n\u00e3o descarta que a Bolsa chegue a 90 ml pontos em 2018, diante da melhora no consumo e investimentos, apoiado em juros e infla\u00e7\u00e3o mais baixos.<\/p>\n<p>&nbsp;<\/p>\n<p>Nas pr\u00f3ximas semanas, os economistas estar\u00e3o atentos ao julgamento do ex-presidente Lula no Tribunal Regional Federal da 4\u00aa Regi\u00e3o, em Porto Alegre. Tr\u00eas desembargadores dar\u00e3o votos para decidir se o petista cumprir\u00e1 pris\u00e3o por corrup\u00e7\u00e3o e lavagem de dinheiro.<\/p>\n<p>&nbsp;<\/p>\n<p>Lula foi condenado em primeira inst\u00e2ncia, pelo juiz S\u00e9rgio Moro, a nove anos e seis meses de pris\u00e3o. Segundo economistas, se o placar ficar em 3 a 0, o ex-presidente deve ficar fora das disputas eleitorais.<\/p>\n<p>&nbsp;<\/p>\n<p>Caso fique em 2 a 1, ele pode pedir revis\u00e3o, protelando a decis\u00e3o e, consequentemente, se candidatar. O mercado n\u00e3o v\u00ea com bons olhos o nome do petista nas urnas em outubro. A vota\u00e7\u00e3o ser\u00e1 no dia 24 de janeiro.<\/p>\n<p>&nbsp;<\/p>\n<p>Por volta de 15h15, o Ibovespa subia 0,46%, com 80.119 pontos. O d\u00f3lar tamb\u00e9m estava em alta de 0,53%, em R$ 3,23.<\/p>\n","protected":false},"excerpt":{"rendered":"<p>HAMILTON FERRARI &nbsp; Pela primeira vez na hist\u00f3ria, a Bolsa de Valores de S\u00e3o Paulo (B3) atingiu o patamar de 80 mil pontos. O feito foi obtido no final da manh\u00e3 desta ter\u00e7a (16\/1), ap\u00f3s alta de 0,32%. &nbsp; O Ibovespa, principal indicador, foi influenciado pelos bons resultados das bolsas internacionais, principalmente a americana, que [&hellip;]<\/p>\n","protected":false},"author":22,"featured_media":0,"comment_status":"open","ping_status":"closed","sticky":false,"template":"","format":"standard","meta":{"footnotes":""},"categories":[600],"tags":[3054,2740,2393,991,3053],"class_list":["post-6946","post","type-post","status-publish","format-standard","hentry","category-economia","tag-80-mil","tag-b3","tag-bolsa","tag-bolsa-de-valores","tag-ibovespa"],"_links":{"self":[{"href":"https:\/\/blogs.correiobraziliense.com.br\/vicente\/wp-json\/wp\/v2\/posts\/6946","targetHints":{"allow":["GET"]}}],"collection":[{"href":"https:\/\/blogs.correiobraziliense.com.br\/vicente\/wp-json\/wp\/v2\/posts"}],"about":[{"href":"https:\/\/blogs.correiobraziliense.com.br\/vicente\/wp-json\/wp\/v2\/types\/post"}],"author":[{"embeddable":true,"href":"https:\/\/blogs.correiobraziliense.com.br\/vicente\/wp-json\/wp\/v2\/users\/22"}],"replies":[{"embeddable":true,"href":"https:\/\/blogs.correiobraziliense.com.br\/vicente\/wp-json\/wp\/v2\/comments?post=6946"}],"version-history":[{"count":1,"href":"https:\/\/blogs.correiobraziliense.com.br\/vicente\/wp-json\/wp\/v2\/posts\/6946\/revisions"}],"predecessor-version":[{"id":6947,"href":"https:\/\/blogs.correiobraziliense.com.br\/vicente\/wp-json\/wp\/v2\/posts\/6946\/revisions\/6947"}],"wp:attachment":[{"href":"https:\/\/blogs.correiobraziliense.com.br\/vicente\/wp-json\/wp\/v2\/media?parent=6946"}],"wp:term":[{"taxonomy":"category","embeddable":true,"href":"https:\/\/blogs.correiobraziliense.com.br\/vicente\/wp-json\/wp\/v2\/categories?post=6946"},{"taxonomy":"post_tag","embeddable":true,"href":"https:\/\/blogs.correiobraziliense.com.br\/vicente\/wp-json\/wp\/v2\/tags?post=6946"}],"curies":[{"name":"wp","href":"https:\/\/api.w.org\/{rel}","templated":true}]}}