{"id":6921,"date":"2018-01-12T11:15:34","date_gmt":"2018-01-12T13:15:34","guid":{"rendered":"https:\/\/blogs.correiobraziliense.com.br\/vicente\/?p=6921"},"modified":"2018-01-12T11:55:18","modified_gmt":"2018-01-12T13:55:18","slug":"marun-diz-que-governo-esta-entristecido-com-rebaixamento-do-brasil","status":"publish","type":"post","link":"https:\/\/blogs.correiobraziliense.com.br\/vicente\/marun-diz-que-governo-esta-entristecido-com-rebaixamento-do-brasil\/","title":{"rendered":"Marun diz que governo &#8220;est\u00e1 entristecido&#8221; com rebaixamento do Brasil"},"content":{"rendered":"<h2>RODOLFO COSTA<\/h2>\n<h2><\/h2>\n<h2>O governo est\u00e1 entristecido com o rebaixamento da nota de cr\u00e9dito do Brasil pela ag\u00eancia de classifica\u00e7\u00e3o de risco Standard &amp; Poor\u2019s (S&amp;P). Foi o que disse o ministro-chefe da Secretaria de Governo, Carlos Marun, sobre a decis\u00e3o da institui\u00e7\u00e3o norte-americana. O auxiliar do presidente Michel Temer garante, no entanto, que o corte no rating \u00e9 uma motiva\u00e7\u00e3o para que o Pal\u00e1cio do Planalto mantenha firme o trabalho de articula\u00e7\u00e3o junto aos parlamentares pela aprova\u00e7\u00e3o da reforma da Previd\u00eancia.<\/h2>\n<p>&nbsp;<\/p>\n<p>A demora na aprova\u00e7\u00e3o da reforma e, consequentemente, de uma acelera\u00e7\u00e3o no ritmo do ajuste fiscal, foi apontado pela S&amp;P como argumento para o rebaixamento. Para Marun, a decis\u00e3o apenas refor\u00e7a a import\u00e2ncia do trabalho feito pelo governo. \u201cEsse rebaixamento nos entristece. Mas a verdade \u00e9 que corrobora aquilo que n\u00f3s e os setores l\u00facidos da sociedade j\u00e1 sabiam e dizemos h\u00e1 um bom tempo. Sem a reforma, n\u00e3o tem sa\u00edda. N\u00e3o existe futuro para o Brasil se n\u00f3s n\u00e3o modernizarmos a nossa Previd\u00eancia e transform\u00e1-la em uma Previd\u00eancia mais justa e igual para todos os brasileiros\u201d, afirmou Marun ao <strong>Blog<\/strong> nesta sexta-feira (12\/1).<\/p>\n<p>&nbsp;<\/p>\n<p>O auxiliar de Temer discorda, no entanto, que o rebaixamento reforce o argumento do governo pela aprova\u00e7\u00e3o da proposta. \u201cEu n\u00e3o vejo mais d\u00favidas em parlamentares quanto \u00e0 necessidade da reforma. Tanto de situa\u00e7\u00e3o, quanto de oposi\u00e7\u00e3o, est\u00e3o conscientes da necessidade. Uns s\u00e3o contr\u00e1rios porque s\u00e3o de oposi\u00e7\u00e3o, e s\u00e3o contra o governo e o Brasil. Outros, porque t\u00eam um receio em rela\u00e7\u00e3o a consequ\u00eancias negativas (que o voto pela reforma pode impactar) nas pr\u00f3ximas elei\u00e7\u00f5es. O discurso est\u00e1 posto. N\u00e3o vejo isso como um refor\u00e7o\u201d, avaliou.<\/p>\n<p>&nbsp;<\/p>\n<p>Para as pr\u00f3ximas semanas, Marun manter\u00e1 as articula\u00e7\u00f5es com os l\u00edderes. Nos \u00faltimos dias, ele conversou com as lideran\u00e7as aliadas por telefone, e deve manter o contato. At\u00e9 agora, o balan\u00e7o \u00e9 otimista. \u201cEles nos d\u00e3o o retorno daquilo que sentimos. Que, na base, ao contr\u00e1rio do que muitos pens\u00e1vamos, j\u00e1 existe um clamor bem consistente pela aprova\u00e7\u00e3o da reforma\u201d, disse.<\/p>\n<p>&nbsp;<\/p>\n<p>O governo n\u00e3o conta, por hora, com um balan\u00e7o atualizado do n\u00famero de votos. A expectativa de Marun \u00e9 que o Planalto tenha acesso a esses dados na \u00faltima semana de janeiro. Havia uma previs\u00e3o de que, em 15 de janeiro, pr\u00f3xima segunda-feira, a Secretaria de Governo tivesse os n\u00fameros. Mas foi postergado diante da previs\u00e3o de uma ampla reuni\u00e3o do ministro com os l\u00edderes. \u201cFicou para a \u00faltima semana para que n\u00f3s possamos receber os parlamentares em Bras\u00edlia em seu retorno (do recesso parlamentar), j\u00e1 com um quadro mais correto e atualizado dessa situa\u00e7\u00e3o\u201d, justificou.<\/p>\n<p>&nbsp;<\/p>\n<p><em>Bras\u00edlia, Bras\u00edlia, 11h15min<\/em><\/p>\n","protected":false},"excerpt":{"rendered":"<p>RODOLFO COSTA O governo est\u00e1 entristecido com o rebaixamento da nota de cr\u00e9dito do Brasil pela ag\u00eancia de classifica\u00e7\u00e3o de risco Standard &amp; Poor\u2019s (S&amp;P). Foi o que disse o ministro-chefe da Secretaria de Governo, Carlos Marun, sobre a decis\u00e3o da institui\u00e7\u00e3o norte-americana. O auxiliar do presidente Michel Temer garante, no entanto, que o corte [&hellip;]<\/p>\n","protected":false},"author":22,"featured_media":0,"comment_status":"open","ping_status":"closed","sticky":false,"template":"","format":"standard","meta":{"footnotes":""},"categories":[600],"tags":[2608,2450,467,3045,429,70,3043],"class_list":["post-6921","post","type-post","status-publish","format-standard","hentry","category-economia","tag-agencia","tag-carlos","tag-governo","tag-marun","tag-previdencia","tag-rebaixamento","tag-sp"],"_links":{"self":[{"href":"https:\/\/blogs.correiobraziliense.com.br\/vicente\/wp-json\/wp\/v2\/posts\/6921","targetHints":{"allow":["GET"]}}],"collection":[{"href":"https:\/\/blogs.correiobraziliense.com.br\/vicente\/wp-json\/wp\/v2\/posts"}],"about":[{"href":"https:\/\/blogs.correiobraziliense.com.br\/vicente\/wp-json\/wp\/v2\/types\/post"}],"author":[{"embeddable":true,"href":"https:\/\/blogs.correiobraziliense.com.br\/vicente\/wp-json\/wp\/v2\/users\/22"}],"replies":[{"embeddable":true,"href":"https:\/\/blogs.correiobraziliense.com.br\/vicente\/wp-json\/wp\/v2\/comments?post=6921"}],"version-history":[{"count":1,"href":"https:\/\/blogs.correiobraziliense.com.br\/vicente\/wp-json\/wp\/v2\/posts\/6921\/revisions"}],"predecessor-version":[{"id":6922,"href":"https:\/\/blogs.correiobraziliense.com.br\/vicente\/wp-json\/wp\/v2\/posts\/6921\/revisions\/6922"}],"wp:attachment":[{"href":"https:\/\/blogs.correiobraziliense.com.br\/vicente\/wp-json\/wp\/v2\/media?parent=6921"}],"wp:term":[{"taxonomy":"category","embeddable":true,"href":"https:\/\/blogs.correiobraziliense.com.br\/vicente\/wp-json\/wp\/v2\/categories?post=6921"},{"taxonomy":"post_tag","embeddable":true,"href":"https:\/\/blogs.correiobraziliense.com.br\/vicente\/wp-json\/wp\/v2\/tags?post=6921"}],"curies":[{"name":"wp","href":"https:\/\/api.w.org\/{rel}","templated":true}]}}