{"id":6912,"date":"2018-01-11T20:01:18","date_gmt":"2018-01-11T22:01:18","guid":{"rendered":"https:\/\/blogs.correiobraziliense.com.br\/vicente\/?p=6912"},"modified":"2018-01-11T20:43:56","modified_gmt":"2018-01-11T22:43:56","slug":"meirelles-falha-brasil-e-rebaixado-e-esta-proximo-de-ser-considerado-lixo","status":"publish","type":"post","link":"https:\/\/blogs.correiobraziliense.com.br\/vicente\/meirelles-falha-brasil-e-rebaixado-e-esta-proximo-de-ser-considerado-lixo\/","title":{"rendered":"Meirelles falha, Brasil \u00e9 rebaixado e est\u00e1 pr\u00f3ximo de ser considerado lixo"},"content":{"rendered":"<h2>O ministro da Fazenda, Henrique Meirelles, bem que tentou, mas seus argumentos n\u00e3o foram suficientes para convencer a ag\u00eancia de classifica\u00e7\u00e3o de risco Standard &amp; Poor\u00b4s (S&amp;P), que rebaixou novamente o Brasil, agora, de BB para BB-. Com isso, o pa\u00eds est\u00e1 pr\u00f3ximo de ser considerado lixo.<\/h2>\n<p>&nbsp;<\/p>\n<p>O Pal\u00e1cio do Planalto recebeu com muita surpresa o rebaixamento, pois havia sido convencido por Meirelles de que as ag\u00eancias seriam complacentes com o Brasil diante dos bons indicadores da economia. O crescimento voltou, a infla\u00e7\u00e3o de 2017 foi a menor em 19 anos e os juros est\u00e3o no n\u00edvel mais baixo da hist\u00f3ria. O governo, contudo, n\u00e3o conseguiu reverter os rombos fiscais. Pelo menos at\u00e9 2020, as contas do pa\u00eds ficar\u00e3o no vermelho.<\/p>\n<p>&nbsp;<\/p>\n<p>A S&amp;P preferiu n\u00e3o ceder aos apelos do ministro da Fazenda, que havia garantindo a aprova\u00e7\u00e3o da reforma da Previd\u00eancia. A ag\u00eancia de classifica\u00e7\u00e3o de risco ficou frustrada com o adiamento da vota\u00e7\u00e3o para este ano, que, ao que tudo indica, n\u00e3o deve acontecer por falta de apoio. A C\u00e2mara marcou para 19 de fevereiro a vota\u00e7\u00e3o da reforma em primeiro turno.<\/p>\n<p>&nbsp;<\/p>\n<p><strong>Tiroteio<\/strong><\/p>\n<p>&nbsp;<\/p>\n<p>A perspectiva \u00e9 de que, a partir de agora, aumente o tiroteio contra Meirelles, que vem usando boa parte do seu tempo para articular uma poss\u00edvel candidatura ao Planalto. H\u00e1 uma ala do governo que n\u00e3o admite os planos pol\u00edticos do ministro. Ele fica enfraquecido. Meirelles est\u00e1 jogando no colo do Congresso a culpa pelo rebaixamento, por n\u00e3o aprovar a reforma e outras medidas que poderiam reduzir o deficit fiscal.<\/p>\n<p>&nbsp;<\/p>\n<p>Para o mercado, a \u00fanica boa not\u00edcia do relat\u00f3rio da S&amp;P \u00e9 de que n\u00e3o haver\u00e1 mudan\u00e7a na nota de cr\u00e9dito do pa\u00eds nos pr\u00f3ximos meses. N\u00e3o antes das elei\u00e7\u00f5es. Segundo os analistas, o\u00a0rebaixamento pela S&amp;P era esperado, pois falharam as negocia\u00e7\u00f5es no Congresso para a aprova\u00e7\u00e3o da reforma da Previd\u00eancia em 2017 e v\u00e1rias medidas resultaram em aumento de gastos, em vez de redu\u00e7\u00e3o. A S&amp;P cita o caso dos reajustes de sal\u00e1rios de servidores.<\/p>\n<p>&nbsp;<\/p>\n<p>O primeiro aviso de que haveria o rebaixamento do Brasil se n\u00e3o houvesse a reforma da Previd\u00eancia veio em 15 de agosto do ano passado, quando a S&amp;P Global retirou a nota brasileira da observa\u00e7\u00e3o para poss\u00edvel mudan\u00e7a. O rombo fiscal deste ano pode chegar, no m\u00e1ximo, a R$ 159 bilh\u00f5es.<\/p>\n<p>&nbsp;<\/p>\n<p><em>Bras\u00edlia, 20h01min<\/em><\/p>\n<p>&nbsp;<\/p>\n","protected":false},"excerpt":{"rendered":"<p>O ministro da Fazenda, Henrique Meirelles, bem que tentou, mas seus argumentos n\u00e3o foram suficientes para convencer a ag\u00eancia de classifica\u00e7\u00e3o de risco Standard &amp; Poor\u00b4s (S&amp;P), que rebaixou novamente o Brasil, agora, de BB para BB-. Com isso, o pa\u00eds est\u00e1 pr\u00f3ximo de ser considerado lixo. &nbsp; O Pal\u00e1cio do Planalto recebeu com muita [&hellip;]<\/p>\n","protected":false},"author":22,"featured_media":0,"comment_status":"open","ping_status":"closed","sticky":false,"template":"","format":"standard","meta":{"footnotes":""},"categories":[600],"tags":[2431,2432,70,3043,3044],"class_list":["post-6912","post","type-post","status-publish","format-standard","hentry","category-economia","tag-henrique","tag-meirelles","tag-rebaixamento","tag-sp","tag-standard-poors"],"_links":{"self":[{"href":"https:\/\/blogs.correiobraziliense.com.br\/vicente\/wp-json\/wp\/v2\/posts\/6912","targetHints":{"allow":["GET"]}}],"collection":[{"href":"https:\/\/blogs.correiobraziliense.com.br\/vicente\/wp-json\/wp\/v2\/posts"}],"about":[{"href":"https:\/\/blogs.correiobraziliense.com.br\/vicente\/wp-json\/wp\/v2\/types\/post"}],"author":[{"embeddable":true,"href":"https:\/\/blogs.correiobraziliense.com.br\/vicente\/wp-json\/wp\/v2\/users\/22"}],"replies":[{"embeddable":true,"href":"https:\/\/blogs.correiobraziliense.com.br\/vicente\/wp-json\/wp\/v2\/comments?post=6912"}],"version-history":[{"count":4,"href":"https:\/\/blogs.correiobraziliense.com.br\/vicente\/wp-json\/wp\/v2\/posts\/6912\/revisions"}],"predecessor-version":[{"id":6916,"href":"https:\/\/blogs.correiobraziliense.com.br\/vicente\/wp-json\/wp\/v2\/posts\/6912\/revisions\/6916"}],"wp:attachment":[{"href":"https:\/\/blogs.correiobraziliense.com.br\/vicente\/wp-json\/wp\/v2\/media?parent=6912"}],"wp:term":[{"taxonomy":"category","embeddable":true,"href":"https:\/\/blogs.correiobraziliense.com.br\/vicente\/wp-json\/wp\/v2\/categories?post=6912"},{"taxonomy":"post_tag","embeddable":true,"href":"https:\/\/blogs.correiobraziliense.com.br\/vicente\/wp-json\/wp\/v2\/tags?post=6912"}],"curies":[{"name":"wp","href":"https:\/\/api.w.org\/{rel}","templated":true}]}}