{"id":6907,"date":"2018-01-11T19:10:08","date_gmt":"2018-01-11T21:10:08","guid":{"rendered":"https:\/\/blogs.correiobraziliense.com.br\/vicente\/?p=6907"},"modified":"2018-01-12T21:25:33","modified_gmt":"2018-01-12T23:25:33","slug":"ministerio-publico-do-df-demite-estagiarios-para-construir-predio","status":"publish","type":"post","link":"https:\/\/blogs.correiobraziliense.com.br\/vicente\/ministerio-publico-do-df-demite-estagiarios-para-construir-predio\/","title":{"rendered":"Minist\u00e9rio P\u00fablico do DF demite estagi\u00e1rios para construir pr\u00e9dio"},"content":{"rendered":"<h2>RENATO SOUZA<\/h2>\n<h2><\/h2>\n<h2>Gestores, coordenadores e estagi\u00e1rios do Minist\u00e9rio P\u00fablico do Distrito Federal e Territ\u00f3rios (MPDFT) foram pegos de surpresa com a suspens\u00e3o do programa de est\u00e1gio. Em um e-mail, enviado para 475 estudantes de n\u00edveis m\u00e9dio e superior que participam do programa, a Secretaria de Gest\u00e3o de Pessoas informa que o desligamento de todos os estudantes ocorrer\u00e1 em 1\u00ba de fevereiro.<\/h2>\n<h2>O motivo da decis\u00e3o causou revolta entre trabalhadores do \u00f3rg\u00e3o. A dispensa ocorre para que os recursos destinados aos sal\u00e1rios dos estagi\u00e1rios sejam usados para a conclus\u00e3o da constru\u00e7\u00e3o do pr\u00e9dio que vai abrigar a Coordenadoria das Promotorias de Justi\u00e7a Bras\u00edlia II, onde os procuradores ficar\u00e3o encastelados.<\/h2>\n<p>&nbsp;<\/p>\n<p>Atualmente, de acordo com dados obtidos por meio Lei de Acesso a Informa\u00e7\u00e3o, est\u00e3o no MPDFT 214 estagi\u00e1rios de n\u00edvel m\u00e9dio e 261 de n\u00edvel superior. Cada estudante desempenha suas fun\u00e7\u00f5es por um per\u00edodo que varia de 4 a 6 horas por dia e recebe uma bolsa aux\u00edlio de R$ 590 para n\u00edvel m\u00e9dio e de R$ 850 para n\u00edvel superior. O \u00f3rg\u00e3o tamb\u00e9m paga R$ 7 por dia para custear o deslocamento at\u00e9 o local de trabalho. No total, os estagi\u00e1rios custam R$ 351,4 mil por m\u00eas.<\/p>\n<p>&nbsp;<\/p>\n<p><a href=\"https:\/\/blogs.correiobraziliense.com.br\/vicente\/wp-content\/uploads\/sites\/16\/2018\/01\/MPEstagio.jpg\" rel=\"attachment wp-att-6908\"><img loading=\"lazy\" decoding=\"async\" class=\"alignnone size-large wp-image-6908\" src=\"https:\/\/blogs.correiobraziliense.com.br\/vicente\/wp-content\/uploads\/sites\/16\/2018\/01\/MPEstagio-576x1024.jpg\" alt=\"MPEstagio\" width=\"576\" height=\"1024\" srcset=\"https:\/\/blogs.correiobraziliense.com.br\/vicente\/wp-content\/uploads\/sites\/16\/2018\/01\/MPEstagio-576x1024.jpg 576w, https:\/\/blogs.correiobraziliense.com.br\/vicente\/wp-content\/uploads\/sites\/16\/2018\/01\/MPEstagio-169x300.jpg 169w, https:\/\/blogs.correiobraziliense.com.br\/vicente\/wp-content\/uploads\/sites\/16\/2018\/01\/MPEstagio-197x350.jpg 197w, https:\/\/blogs.correiobraziliense.com.br\/vicente\/wp-content\/uploads\/sites\/16\/2018\/01\/MPEstagio-550x978.jpg 550w, https:\/\/blogs.correiobraziliense.com.br\/vicente\/wp-content\/uploads\/sites\/16\/2018\/01\/MPEstagio-230x409.jpg 230w, https:\/\/blogs.correiobraziliense.com.br\/vicente\/wp-content\/uploads\/sites\/16\/2018\/01\/MPEstagio.jpg 720w\" sizes=\"auto, (max-width: 576px) 100vw, 576px\" \/><\/a><\/p>\n<p>&nbsp;<\/p>\n<p>Atualmente, o valor da passagem de \u00f4nibus semiurbano em Bras\u00edlia \u00e9 R$ 5 por viagem. Ou seja, o valor pago pelo MPDFT n\u00e3o cobre todo o trajeto de ida e volta. Um estudante do 7\u00ba semestre de direito, que estagia no \u00f3rg\u00e3o e prefere n\u00e3o se identificar, reclama do aviso que ocorreu em cima da hora. \u201cEles j\u00e1 sabiam do corte h\u00e1 mais tempo. Poderiam ter avisado os estagi\u00e1rios para que a gente pudesse se preparar. Mas preferiram avisar com um prazo absurdo de curto para procurarmos outro servi\u00e7o. \u00c9 uma falta de considera\u00e7\u00e3o com tudo o que fizemos\u201d, afirma.<\/p>\n<p>&nbsp;<\/p>\n<p>No e-mail, a Secretaria de Gest\u00e3o de Pessoas alega que um dos motivos para a dispensa dos estagi\u00e1rios \u00e9 a conten\u00e7\u00e3o de gastos imposta pelo governo federal. No entanto, quase todos os procuradores da institui\u00e7\u00e3o recebem aux\u00edlio moradia de R$ 4 mil, mesmo tendo resid\u00eancia pr\u00f3pria em Bras\u00edlia. H\u00e1 ainda o ac\u00famulo de fun\u00e7\u00f5es entre os servidores, o que eleva o valor dos sal\u00e1rios.<\/p>\n<p>&nbsp;<\/p>\n<p>Em nota encaminhada ao <strong>Blog<\/strong>,\u00a0\u00a0o MPDFT afirma que a suspens\u00e3o do programa de est\u00e1gio \u00e9 tempor\u00e1ria e que, assim que a nova obra estiver pronta, haver\u00e1 economia anual de R$ 4 milh\u00f5es. O \u00f3rg\u00e3o ressalta ainda que 29 estagi\u00e1rios ser\u00e3o mantidos. Veja a <a href=\"https:\/\/blogs.correiobraziliense.com.br\/vicente\/em-nota-ministerio-publico-do-df-diz-que-sem-estagiarios-concluira-obras\/\">\u00edntegra da nota do MPDFT<\/a>.<\/p>\n<p>&nbsp;<\/p>\n<p><em>Bras\u00edlia, 19h10min<\/em><\/p>\n","protected":false},"excerpt":{"rendered":"<p>RENATO SOUZA Gestores, coordenadores e estagi\u00e1rios do Minist\u00e9rio P\u00fablico do Distrito Federal e Territ\u00f3rios (MPDFT) foram pegos de surpresa com a suspens\u00e3o do programa de est\u00e1gio. Em um e-mail, enviado para 475 estudantes de n\u00edveis m\u00e9dio e superior que participam do programa, a Secretaria de Gest\u00e3o de Pessoas informa que o desligamento de todos os [&hellip;]<\/p>\n","protected":false},"author":22,"featured_media":0,"comment_status":"open","ping_status":"closed","sticky":false,"template":"","format":"standard","meta":{"footnotes":""},"categories":[600],"tags":[3041,22,1079,889,3042],"class_list":["post-6907","post","type-post","status-publish","format-standard","hentry","category-economia","tag-construcao","tag-demissao","tag-estagiarios","tag-ministerio-publico","tag-predio"],"_links":{"self":[{"href":"https:\/\/blogs.correiobraziliense.com.br\/vicente\/wp-json\/wp\/v2\/posts\/6907","targetHints":{"allow":["GET"]}}],"collection":[{"href":"https:\/\/blogs.correiobraziliense.com.br\/vicente\/wp-json\/wp\/v2\/posts"}],"about":[{"href":"https:\/\/blogs.correiobraziliense.com.br\/vicente\/wp-json\/wp\/v2\/types\/post"}],"author":[{"embeddable":true,"href":"https:\/\/blogs.correiobraziliense.com.br\/vicente\/wp-json\/wp\/v2\/users\/22"}],"replies":[{"embeddable":true,"href":"https:\/\/blogs.correiobraziliense.com.br\/vicente\/wp-json\/wp\/v2\/comments?post=6907"}],"version-history":[{"count":6,"href":"https:\/\/blogs.correiobraziliense.com.br\/vicente\/wp-json\/wp\/v2\/posts\/6907\/revisions"}],"predecessor-version":[{"id":6925,"href":"https:\/\/blogs.correiobraziliense.com.br\/vicente\/wp-json\/wp\/v2\/posts\/6907\/revisions\/6925"}],"wp:attachment":[{"href":"https:\/\/blogs.correiobraziliense.com.br\/vicente\/wp-json\/wp\/v2\/media?parent=6907"}],"wp:term":[{"taxonomy":"category","embeddable":true,"href":"https:\/\/blogs.correiobraziliense.com.br\/vicente\/wp-json\/wp\/v2\/categories?post=6907"},{"taxonomy":"post_tag","embeddable":true,"href":"https:\/\/blogs.correiobraziliense.com.br\/vicente\/wp-json\/wp\/v2\/tags?post=6907"}],"curies":[{"name":"wp","href":"https:\/\/api.w.org\/{rel}","templated":true}]}}