{"id":6880,"date":"2018-01-10T13:40:34","date_gmt":"2018-01-10T15:40:34","guid":{"rendered":"https:\/\/blogs.correiobraziliense.com.br\/vicente\/?p=6880"},"modified":"2018-01-10T14:08:29","modified_gmt":"2018-01-10T16:08:29","slug":"cristiane-virou-exploradora-de-pobres-motoristas-diz-jefferson","status":"publish","type":"post","link":"https:\/\/blogs.correiobraziliense.com.br\/vicente\/cristiane-virou-exploradora-de-pobres-motoristas-diz-jefferson\/","title":{"rendered":"&#8220;Cristiane virou exploradora de pobres motoristas&#8221;, diz Jefferson"},"content":{"rendered":"<h2>LEONARDO CAVALCANTI E DENISE ROTHENBURG<\/h2>\n<h2><\/h2>\n<h2>Em entrevista ao programa CB.Poder, o presidente do PTB, Roberto Jefferson, diz que sua filha, Cristiane Brasil, indicada para o comando do Minist\u00e9rio do Trabalho, se transformou &#8220;em uma exploradora de pobres motoristas&#8221;, ao ser impedida pela Justi\u00e7a de tomar posse.<\/h2>\n<p>&nbsp;<\/p>\n<p>&#8220;De repente, Cristiane virou uma memeia, uma megera&#8221;, afirma. Na avalia\u00e7\u00e3o dele, as den\u00fancias de que a filha deu calote em dois ex-motoristas s\u00e3o infundadas. &#8220;Ela fez um acordo, para pagar o que era devido em 10 parcelas. N\u00e3o h\u00e1 nada de errado nisso&#8221;, ressalta.<\/p>\n<p>&nbsp;<\/p>\n<p>Jefferson acusa o PT de estar insuflando todo o movimento contra a deputada indicada pelo presidente Michel Temer para o Minist\u00e9rio do Trabalho. &#8220;O alvo \u00e9 a Cristiane, sou eu&#8221;, diz. Isso, segundo ele, \u00e9 uma retalia\u00e7\u00e3o por ter denunciado o mensal\u00e3o.<\/p>\n<p>&nbsp;<\/p>\n<p>O pol\u00edtico critica a Justi\u00e7a trabalhista. &#8220;\u00c9 uma excrec\u00eancia&#8221;, ressalta. &#8220;N\u00e3o h\u00e1 nada semelhante no mundo&#8221;, complementa. Segundo ele, todas as empresas t\u00eam queixar na Justi\u00e7a trabalhista. Mesmo pessoas f\u00edsicas j\u00e1 foram processados por empregados dom\u00e9sticos.<\/p>\n<p>&nbsp;<\/p>\n<p>Jefferson diz que vai recorrer a todas as inst\u00e2ncias para garantir a posse da filha no minist\u00e9rio, mas a decis\u00e3o final ser\u00e1 do presidente Michel Temer, de quem teria partido o convite a Cristiane. &#8220;Estava na sala do presidente e ele me pediu para ligar para Cristiane, que estava em Fernando de Noronha. Perguntei se ela assumiria o minist\u00e9rio e ela disse que sim&#8221;, conta.<\/p>\n<p>&nbsp;<\/p>\n<p>&#8220;O meu erro foi ter anunciado o nome dela. Deveria ter deixado isso para o Planalto. Acabei despertando a ira&#8221;, frisa Jefferson. Ele ressalta que apresentou quatro nomes a Temer para a sucess\u00e3o de Ronaldo Nogueira no comando da Pasta do Trabalho. A op\u00e7\u00e3o acabou recaindo para Cristiane.<\/p>\n<p>&nbsp;<\/p>\n<p><strong>Elei\u00e7\u00f5es<\/strong><\/p>\n<p>&nbsp;<\/p>\n<p>Sobre as elei\u00e7\u00f5es, ele afirma que o PTB apoiar\u00e1 a candidatura de Geraldo Alckmin, do PSDB, para a presid\u00eancia da Rep\u00fablica. &#8220;Geraldo \u00e9 o melhor candidato para o centro. Governador quatro vezes de S\u00e3o Paulo, tem o que mostrar&#8221;, destaca. &#8220;Ele est\u00e1 apanhando, mas \u00e9 o melhor candidato&#8221;, emenda.<\/p>\n<p>&nbsp;<\/p>\n<p>Na vis\u00e3o dele, o ministro da Fazenda, Henrique Meirelles, n\u00e3o tem chance nenhuma como candidato presidencial. E ressalta que o presidente da C\u00e2mara, Rodrigo Maia, ter\u00e1 que mostrar muito servi\u00e7o se quiser entrar na disputa pelo Planalto. &#8220;Ele n\u00e3o foi governador, n\u00e3o foi prefeito, n\u00e3o foi nada&#8221;, diz.<\/p>\n<p>&nbsp;<\/p>\n<p><em>Bras\u00edlia, 13h40min<\/em><\/p>\n","protected":false},"excerpt":{"rendered":"<p>LEONARDO CAVALCANTI E DENISE ROTHENBURG Em entrevista ao programa CB.Poder, o presidente do PTB, Roberto Jefferson, diz que sua filha, Cristiane Brasil, indicada para o comando do Minist\u00e9rio do Trabalho, se transformou &#8220;em uma exploradora de pobres motoristas&#8221;, ao ser impedida pela Justi\u00e7a de tomar posse. &nbsp; &#8220;De repente, Cristiane virou uma memeia, uma megera&#8221;, [&hellip;]<\/p>\n","protected":false},"author":22,"featured_media":0,"comment_status":"open","ping_status":"closed","sticky":false,"template":"","format":"standard","meta":{"footnotes":""},"categories":[600],"tags":[378,3034,2038,3033,1836,3030,125,2307],"class_list":["post-6880","post","type-post","status-publish","format-standard","hentry","category-economia","tag-brasil","tag-cristiante","tag-denuncias","tag-jefferson","tag-ministerio","tag-roberto","tag-temer","tag-trabalho"],"_links":{"self":[{"href":"https:\/\/blogs.correiobraziliense.com.br\/vicente\/wp-json\/wp\/v2\/posts\/6880","targetHints":{"allow":["GET"]}}],"collection":[{"href":"https:\/\/blogs.correiobraziliense.com.br\/vicente\/wp-json\/wp\/v2\/posts"}],"about":[{"href":"https:\/\/blogs.correiobraziliense.com.br\/vicente\/wp-json\/wp\/v2\/types\/post"}],"author":[{"embeddable":true,"href":"https:\/\/blogs.correiobraziliense.com.br\/vicente\/wp-json\/wp\/v2\/users\/22"}],"replies":[{"embeddable":true,"href":"https:\/\/blogs.correiobraziliense.com.br\/vicente\/wp-json\/wp\/v2\/comments?post=6880"}],"version-history":[{"count":7,"href":"https:\/\/blogs.correiobraziliense.com.br\/vicente\/wp-json\/wp\/v2\/posts\/6880\/revisions"}],"predecessor-version":[{"id":6887,"href":"https:\/\/blogs.correiobraziliense.com.br\/vicente\/wp-json\/wp\/v2\/posts\/6880\/revisions\/6887"}],"wp:attachment":[{"href":"https:\/\/blogs.correiobraziliense.com.br\/vicente\/wp-json\/wp\/v2\/media?parent=6880"}],"wp:term":[{"taxonomy":"category","embeddable":true,"href":"https:\/\/blogs.correiobraziliense.com.br\/vicente\/wp-json\/wp\/v2\/categories?post=6880"},{"taxonomy":"post_tag","embeddable":true,"href":"https:\/\/blogs.correiobraziliense.com.br\/vicente\/wp-json\/wp\/v2\/tags?post=6880"}],"curies":[{"name":"wp","href":"https:\/\/api.w.org\/{rel}","templated":true}]}}