{"id":6876,"date":"2018-01-10T13:10:44","date_gmt":"2018-01-10T15:10:44","guid":{"rendered":"https:\/\/blogs.correiobraziliense.com.br\/vicente\/?p=6876"},"modified":"2018-01-10T18:18:21","modified_gmt":"2018-01-10T20:18:21","slug":"jefferson-diz-que-recorrera-ao-stf-favor-de-posse-de-filha","status":"publish","type":"post","link":"https:\/\/blogs.correiobraziliense.com.br\/vicente\/jefferson-diz-que-recorrera-ao-stf-favor-de-posse-de-filha\/","title":{"rendered":"Jefferson diz que recorrer\u00e1 ao STF a favor de posse de filha"},"content":{"rendered":"<h2>LEONARDO CAVALCANTI E DENISE ROTHENBURG<\/h2>\n<h2><\/h2>\n<h2>O presidente do PTB, Roberto Jefferson, diz que a legenda vai recorrer ao Supremo Tribunal Federal (STF) para garantir a posse de sua filha, a deputada Cristiane Brasil, no Minist\u00e9rio do Trabalho.<\/h2>\n<p>&nbsp;<\/p>\n<p>Ele vai usar, no STF, os mesmos argumentos que Cristiane utilizou no recurso que entrou no Tribunal Regional Federal da 2\u00aa Regi\u00e3o (TRF-2): a prerrogativa de nomea\u00e7\u00e3o de ministros \u00e9 do presidente da Rep\u00fablica e \u00e9 preciso separar os poderes. S\u00e3o compet\u00eancias de Bras\u00edlia. &#8220;Justi\u00e7a fez uma interfer\u00eancia indevida em um ato privativo&#8221;, diz<\/p>\n<p>&nbsp;<\/p>\n<p>Cristiane Brasil deveria ter tomado posse na ter\u00e7a-feira, 9. Mas a Justi\u00e7a suspendeu a nomea\u00e7\u00e3o dela, diante de den\u00fancias de dois ex-motoristas de que ela fraudou a lei trabalhista, ao manter empregados sem carteira assinada e sem recolher benef\u00edcios sociais.<\/p>\n<p>&nbsp;<\/p>\n<p>Jefferson diz que o PTB n\u00e3o abre m\u00e3o da nomea\u00e7\u00e3o da filha como ministra.<\/p>\n<p>&nbsp;<\/p>\n<p><em>\u00a0Bras\u00edlia, 13h10min<\/em><\/p>\n","protected":false},"excerpt":{"rendered":"<p>LEONARDO CAVALCANTI E DENISE ROTHENBURG O presidente do PTB, Roberto Jefferson, diz que a legenda vai recorrer ao Supremo Tribunal Federal (STF) para garantir a posse de sua filha, a deputada Cristiane Brasil, no Minist\u00e9rio do Trabalho. &nbsp; Ele vai usar, no STF, os mesmos argumentos que Cristiane utilizou no recurso que entrou no Tribunal [&hellip;]<\/p>\n","protected":false},"author":22,"featured_media":0,"comment_status":"open","ping_status":"closed","sticky":false,"template":"","format":"standard","meta":{"footnotes":""},"categories":[600],"tags":[3025,3031,1836,3032,3030,2307],"class_list":["post-6876","post","type-post","status-publish","format-standard","hentry","category-economia","tag-cristiane","tag-jefferson-ptb","tag-ministerio","tag-nomeacao","tag-roberto","tag-trabalho"],"_links":{"self":[{"href":"https:\/\/blogs.correiobraziliense.com.br\/vicente\/wp-json\/wp\/v2\/posts\/6876","targetHints":{"allow":["GET"]}}],"collection":[{"href":"https:\/\/blogs.correiobraziliense.com.br\/vicente\/wp-json\/wp\/v2\/posts"}],"about":[{"href":"https:\/\/blogs.correiobraziliense.com.br\/vicente\/wp-json\/wp\/v2\/types\/post"}],"author":[{"embeddable":true,"href":"https:\/\/blogs.correiobraziliense.com.br\/vicente\/wp-json\/wp\/v2\/users\/22"}],"replies":[{"embeddable":true,"href":"https:\/\/blogs.correiobraziliense.com.br\/vicente\/wp-json\/wp\/v2\/comments?post=6876"}],"version-history":[{"count":4,"href":"https:\/\/blogs.correiobraziliense.com.br\/vicente\/wp-json\/wp\/v2\/posts\/6876\/revisions"}],"predecessor-version":[{"id":6888,"href":"https:\/\/blogs.correiobraziliense.com.br\/vicente\/wp-json\/wp\/v2\/posts\/6876\/revisions\/6888"}],"wp:attachment":[{"href":"https:\/\/blogs.correiobraziliense.com.br\/vicente\/wp-json\/wp\/v2\/media?parent=6876"}],"wp:term":[{"taxonomy":"category","embeddable":true,"href":"https:\/\/blogs.correiobraziliense.com.br\/vicente\/wp-json\/wp\/v2\/categories?post=6876"},{"taxonomy":"post_tag","embeddable":true,"href":"https:\/\/blogs.correiobraziliense.com.br\/vicente\/wp-json\/wp\/v2\/tags?post=6876"}],"curies":[{"name":"wp","href":"https:\/\/api.w.org\/{rel}","templated":true}]}}