{"id":6874,"date":"2018-01-10T12:02:01","date_gmt":"2018-01-10T14:02:01","guid":{"rendered":"https:\/\/blogs.correiobraziliense.com.br\/vicente\/?p=6874"},"modified":"2018-01-10T13:23:37","modified_gmt":"2018-01-10T15:23:37","slug":"inimigos-de-meirelles-dentro-do-governo-agem-para-tira-lo-da-eleicao","status":"publish","type":"post","link":"https:\/\/blogs.correiobraziliense.com.br\/vicente\/inimigos-de-meirelles-dentro-do-governo-agem-para-tira-lo-da-eleicao\/","title":{"rendered":"Inimigos de Meirelles dentro do governo agem para tir\u00e1-lo da elei\u00e7\u00e3o"},"content":{"rendered":"<h2>Ningu\u00e9m tem d\u00favidas da ambi\u00e7\u00e3o do ministro da Fazenda, Henrique Meirelles, em assumir a presid\u00eancia da Rep\u00fablica. Mas ele ter\u00e1 que agir r\u00e1pido para debelar as armadilhas que colegas do pr\u00f3prio governo colocaram no caminho dele.<\/h2>\n<p>&nbsp;<\/p>\n<p>H\u00e1 um movimento deliberado, com foco no Pal\u00e1cio do Planalto, para tentar inviabilizar a candidatura de Meirelles. O grupo contr\u00e1rio ao ministro cresceu desde que o presidente da C\u00e2mara, Rodrigo Maia, assumiu que est\u00e1 disposto a concorrer \u00e0 sucess\u00e3o de Michel Temer. &#8220;O posicionamento de Maia veio em \u00f3tima hora&#8221;, diz um dos inimigos do ministro.<\/p>\n<p>&nbsp;<\/p>\n<p>Meirelles nunca foi o candidato dos sonhos do Planalto. Mas acabou, em um certo momento, ganhando simpatia de Temer diante da falta de alternativas vi\u00e1veis entre os partidos de centro para a disputa eleitoral.<\/p>\n<p>&nbsp;<\/p>\n<p>Agora, nem mesmo o presidente da Rep\u00fablica v\u00ea o ministro como candidato vi\u00e1vel. Apesar de toda a visibilidade, de aparecer todos os dias na m\u00eddia, Meirelles n\u00e3o sai de 1% das inten\u00e7\u00f5es de votos. &#8220;\u00c9 um fiasco. Nem o partido dele, o PSD, o ap\u00f3a&#8221;, ressalta outro detrator do chefe da equipe econ\u00f4mica.<\/p>\n<p>&nbsp;<\/p>\n<p>Os inimigos de Meirelles dizem que \u00e9 melhor ele se contentar em continuar ministro at\u00e9 o fim de 2018 e levar o m\u00e9rito de ter tirado o pa\u00eds de uma das mais graves recess\u00f5es da hist\u00f3ria. &#8220;Candidatura \u00e0 Presid\u00eancia da Rep\u00fablica n\u00e3o \u00e9 para amadores&#8221;, frisa um integrante do governo contr\u00e1rio a Meirelles.<\/p>\n<p>&nbsp;<\/p>\n<p><em>Bras\u00edlia, 12h02min<\/em><\/p>\n","protected":false},"excerpt":{"rendered":"<p>Ningu\u00e9m tem d\u00favidas da ambi\u00e7\u00e3o do ministro da Fazenda, Henrique Meirelles, em assumir a presid\u00eancia da Rep\u00fablica. Mas ele ter\u00e1 que agir r\u00e1pido para debelar as armadilhas que colegas do pr\u00f3prio governo colocaram no caminho dele. &nbsp; H\u00e1 um movimento deliberado, com foco no Pal\u00e1cio do Planalto, para tentar inviabilizar a candidatura de Meirelles. O [&hellip;]<\/p>\n","protected":false},"author":22,"featured_media":0,"comment_status":"open","ping_status":"closed","sticky":false,"template":"","format":"standard","meta":{"footnotes":""},"categories":[600],"tags":[845,2556,2432,2731],"class_list":["post-6874","post","type-post","status-publish","format-standard","hentry","category-economia","tag-candidatura","tag-inimigos","tag-meirelles","tag-planalto"],"_links":{"self":[{"href":"https:\/\/blogs.correiobraziliense.com.br\/vicente\/wp-json\/wp\/v2\/posts\/6874","targetHints":{"allow":["GET"]}}],"collection":[{"href":"https:\/\/blogs.correiobraziliense.com.br\/vicente\/wp-json\/wp\/v2\/posts"}],"about":[{"href":"https:\/\/blogs.correiobraziliense.com.br\/vicente\/wp-json\/wp\/v2\/types\/post"}],"author":[{"embeddable":true,"href":"https:\/\/blogs.correiobraziliense.com.br\/vicente\/wp-json\/wp\/v2\/users\/22"}],"replies":[{"embeddable":true,"href":"https:\/\/blogs.correiobraziliense.com.br\/vicente\/wp-json\/wp\/v2\/comments?post=6874"}],"version-history":[{"count":1,"href":"https:\/\/blogs.correiobraziliense.com.br\/vicente\/wp-json\/wp\/v2\/posts\/6874\/revisions"}],"predecessor-version":[{"id":6875,"href":"https:\/\/blogs.correiobraziliense.com.br\/vicente\/wp-json\/wp\/v2\/posts\/6874\/revisions\/6875"}],"wp:attachment":[{"href":"https:\/\/blogs.correiobraziliense.com.br\/vicente\/wp-json\/wp\/v2\/media?parent=6874"}],"wp:term":[{"taxonomy":"category","embeddable":true,"href":"https:\/\/blogs.correiobraziliense.com.br\/vicente\/wp-json\/wp\/v2\/categories?post=6874"},{"taxonomy":"post_tag","embeddable":true,"href":"https:\/\/blogs.correiobraziliense.com.br\/vicente\/wp-json\/wp\/v2\/tags?post=6874"}],"curies":[{"name":"wp","href":"https:\/\/api.w.org\/{rel}","templated":true}]}}