{"id":6870,"date":"2018-01-10T06:39:16","date_gmt":"2018-01-10T08:39:16","guid":{"rendered":"https:\/\/blogs.correiobraziliense.com.br\/vicente\/?p=6870"},"modified":"2018-01-10T12:46:21","modified_gmt":"2018-01-10T14:46:21","slug":"correio-economico-os-inaceitaveis-luxos-da-corte-brasiliense","status":"publish","type":"post","link":"https:\/\/blogs.correiobraziliense.com.br\/vicente\/correio-economico-os-inaceitaveis-luxos-da-corte-brasiliense\/","title":{"rendered":"Correio Econ\u00f4mico: Os inaceit\u00e1veis luxos da corte brasiliense"},"content":{"rendered":"<h2>ANTONIO TEM\u00d3TEO<\/h2>\n<h2><\/h2>\n<h2>Os pequenos luxos oferecidos aos ocupantes dos suntuosos gabinetes na Esplanada dos Minist\u00e9rios mostram o tamanho do descaso com o dinheiro p\u00fablico. Ap\u00f3s decis\u00e3o da Justi\u00e7a Federal do Rio de Janeiro, o Tribunal Regional Federal da 2\u00aa Regi\u00e3o (TRF-2) manteve a proibi\u00e7\u00e3o da posse da deputada Cristiane Brasil (PTB-RJ) no Minist\u00e9rio do Trabalho. Entretanto, o carro oficial do ministro transitava, na tarde de ter\u00e7a-feira, 9, tranquilamente por Bras\u00edlia, com combust\u00edvel pago pelo contribuinte.<\/h2>\n<p>&nbsp;<\/p>\n<p>O colunista flagrou o autom\u00f3vel, \u00e0s 15h42, em frente \u00e0 Churrascaria Floresta, regi\u00e3o central da capital. Por meio da assessoria de imprensa, o Minist\u00e9rio do Trabalho informou que o carro levava o secret\u00e1rio executivo da pasta, Helton Yomura, que assume o cargo de ministro em caso de vac\u00e2ncia. \u201cO secret\u00e1rio executivo \u00e9 o ministro em exerc\u00edcio e est\u00e1 usando o ve\u00edculo para deslocamentos\u201d, informou o minist\u00e9rio. Entretanto, na agenda oficial do \u00f3rg\u00e3o p\u00fablico n\u00e3o constava qualquer compromisso oficial marcado para o dia.<\/p>\n<p>&nbsp;<\/p>\n<p>Enquanto o carro desfilava pela capital, a deputada Cristiane Brasil se submetia ao constrangimento p\u00fablico de ir ao Pal\u00e1cio do Planalto para a posse, mas sair de l\u00e1 sem o cargo de ministra do Trabalho. O governo informou que vai recorrer ao Supremo Tribunal Federal (STF) para que a parlamentar carioca possa ser empossada. Vale ressaltar que o secret\u00e1rio executivo da pasta tamb\u00e9m tem direito a um carro para deslocamentos. O ve\u00edculo n\u00e3o possui placa em verde e amarelo e n\u00e3o garante o mesmo conforto do que os usados pelo chefe do minist\u00e9rio.<\/p>\n<p>&nbsp;<\/p>\n<p><strong>Maraj\u00e1<\/strong><\/p>\n<p>&nbsp;<\/p>\n<p>Entretanto, em meio ao vaiv\u00e9m de nomes para comandar o \u00f3rg\u00e3o respons\u00e1vel pela formula\u00e7\u00e3o das pol\u00edticas de emprego do pa\u00eds, caberia ao secret\u00e1rio executivo, ent\u00e3o ministro interino, um pouco de discri\u00e7\u00e3o.<\/p>\n<p>&nbsp;<\/p>\n<p>Muitos podem achar que, se ele usasse outro carro, esse debate n\u00e3o ocorreria. \u00c9 verdade. Mas o caso \u00e9 simb\u00f3lico e mostra como, em Bras\u00edlia, o status e a necessidade de afirma\u00e7\u00e3o s\u00e3o grandes. Mesmo que sem mal\u00edcia ou inten\u00e7\u00e3o de desfrutar das benesses, o secret\u00e1rio executivo da pasta deixa a impress\u00e3o de que \u00e9 mais um maraj\u00e1 da capital federal.<\/p>\n<p>&nbsp;<\/p>\n<p>Yomura n\u00e3o \u00e9 servidor de carreira do Minist\u00e9rio do Trabalho. Coincidentemente, foi indicado para o posto pela deputada Cristiane Brasil. Antes de assumir o cargo, foi superintendente regional do Trabalho no Rio de Janeiro.<\/p>\n<p>&nbsp;<\/p>\n<p><em>Bras\u00edlia, 06h39min<\/em><\/p>\n","protected":false},"excerpt":{"rendered":"<p>ANTONIO TEM\u00d3TEO Os pequenos luxos oferecidos aos ocupantes dos suntuosos gabinetes na Esplanada dos Minist\u00e9rios mostram o tamanho do descaso com o dinheiro p\u00fablico. Ap\u00f3s decis\u00e3o da Justi\u00e7a Federal do Rio de Janeiro, o Tribunal Regional Federal da 2\u00aa Regi\u00e3o (TRF-2) manteve a proibi\u00e7\u00e3o da posse da deputada Cristiane Brasil (PTB-RJ) no Minist\u00e9rio do Trabalho. [&hellip;]<\/p>\n","protected":false},"author":22,"featured_media":0,"comment_status":"open","ping_status":"closed","sticky":false,"template":"","format":"standard","meta":{"footnotes":""},"categories":[600],"tags":[219,926,2986,3027,1836,2307],"class_list":["post-6870","post","type-post","status-publish","format-standard","hentry","category-economia","tag-abusos","tag-brasilia","tag-carro","tag-luxo","tag-ministerio","tag-trabalho"],"_links":{"self":[{"href":"https:\/\/blogs.correiobraziliense.com.br\/vicente\/wp-json\/wp\/v2\/posts\/6870","targetHints":{"allow":["GET"]}}],"collection":[{"href":"https:\/\/blogs.correiobraziliense.com.br\/vicente\/wp-json\/wp\/v2\/posts"}],"about":[{"href":"https:\/\/blogs.correiobraziliense.com.br\/vicente\/wp-json\/wp\/v2\/types\/post"}],"author":[{"embeddable":true,"href":"https:\/\/blogs.correiobraziliense.com.br\/vicente\/wp-json\/wp\/v2\/users\/22"}],"replies":[{"embeddable":true,"href":"https:\/\/blogs.correiobraziliense.com.br\/vicente\/wp-json\/wp\/v2\/comments?post=6870"}],"version-history":[{"count":1,"href":"https:\/\/blogs.correiobraziliense.com.br\/vicente\/wp-json\/wp\/v2\/posts\/6870\/revisions"}],"predecessor-version":[{"id":6871,"href":"https:\/\/blogs.correiobraziliense.com.br\/vicente\/wp-json\/wp\/v2\/posts\/6870\/revisions\/6871"}],"wp:attachment":[{"href":"https:\/\/blogs.correiobraziliense.com.br\/vicente\/wp-json\/wp\/v2\/media?parent=6870"}],"wp:term":[{"taxonomy":"category","embeddable":true,"href":"https:\/\/blogs.correiobraziliense.com.br\/vicente\/wp-json\/wp\/v2\/categories?post=6870"},{"taxonomy":"post_tag","embeddable":true,"href":"https:\/\/blogs.correiobraziliense.com.br\/vicente\/wp-json\/wp\/v2\/tags?post=6870"}],"curies":[{"name":"wp","href":"https:\/\/api.w.org\/{rel}","templated":true}]}}