{"id":6863,"date":"2018-01-09T18:18:06","date_gmt":"2018-01-09T20:18:06","guid":{"rendered":"https:\/\/blogs.correiobraziliense.com.br\/vicente\/?p=6863"},"modified":"2018-01-09T19:13:27","modified_gmt":"2018-01-09T21:13:27","slug":"carro-do-ministerio-do-trabalho-era-usado-por-secretario-executivo","status":"publish","type":"post","link":"https:\/\/blogs.correiobraziliense.com.br\/vicente\/carro-do-ministerio-do-trabalho-era-usado-por-secretario-executivo\/","title":{"rendered":"Carro do Minist\u00e9rio do Trabalho era usado por secret\u00e1rio executivo"},"content":{"rendered":"<p>POR ANTONIO TEM\u00d3TEO<\/p>\n<p>&nbsp;<\/p>\n<p>O carro oficial do ministro(a) do Trabalho, flagrado pelo <strong>Blog\u00a0<\/strong>trafegando pela \u00e1rea central de Bras\u00edlia era ocupado pelo secret\u00e1rio executivo da pasta,\u00a0Helton Yomura. Segundo o \u00f3rg\u00e3o, ele \u00e9 o ministro em exerc\u00edcio \u00a0e por isso teria o direito de usar o autom\u00f3vel.<\/p>\n<p>&nbsp;<\/p>\n<p>Entretanto, a agenda oficial do Minist\u00e9rio do Trabalho mostra que n\u00e3o h\u00e1 qualquer compromisso oficial marcado nas agendas do ministro ou do secret\u00e1rio executivo. Os pequenos luxos oferecidos ao ocupantes da Esplanada dos Minist\u00e9rios mostram o tamanho do descaso com o dinheiro p\u00fablico.<\/p>\n","protected":false},"excerpt":{"rendered":"<p>POR ANTONIO TEM\u00d3TEO &nbsp; O carro oficial do ministro(a) do Trabalho, flagrado pelo Blog\u00a0trafegando pela \u00e1rea central de Bras\u00edlia era ocupado pelo secret\u00e1rio executivo da pasta,\u00a0Helton Yomura. Segundo o \u00f3rg\u00e3o, ele \u00e9 o ministro em exerc\u00edcio \u00a0e por isso teria o direito de usar o autom\u00f3vel. &nbsp; Entretanto, a agenda oficial do Minist\u00e9rio do Trabalho [&hellip;]<\/p>\n","protected":false},"author":22,"featured_media":0,"comment_status":"open","ping_status":"closed","sticky":false,"template":"","format":"standard","meta":{"footnotes":""},"categories":[600],"tags":[1094,3026],"class_list":["post-6863","post","type-post","status-publish","format-standard","hentry","category-economia","tag-ministerio-do-trabalho","tag-secretario-executivo"],"_links":{"self":[{"href":"https:\/\/blogs.correiobraziliense.com.br\/vicente\/wp-json\/wp\/v2\/posts\/6863","targetHints":{"allow":["GET"]}}],"collection":[{"href":"https:\/\/blogs.correiobraziliense.com.br\/vicente\/wp-json\/wp\/v2\/posts"}],"about":[{"href":"https:\/\/blogs.correiobraziliense.com.br\/vicente\/wp-json\/wp\/v2\/types\/post"}],"author":[{"embeddable":true,"href":"https:\/\/blogs.correiobraziliense.com.br\/vicente\/wp-json\/wp\/v2\/users\/22"}],"replies":[{"embeddable":true,"href":"https:\/\/blogs.correiobraziliense.com.br\/vicente\/wp-json\/wp\/v2\/comments?post=6863"}],"version-history":[{"count":3,"href":"https:\/\/blogs.correiobraziliense.com.br\/vicente\/wp-json\/wp\/v2\/posts\/6863\/revisions"}],"predecessor-version":[{"id":6866,"href":"https:\/\/blogs.correiobraziliense.com.br\/vicente\/wp-json\/wp\/v2\/posts\/6863\/revisions\/6866"}],"wp:attachment":[{"href":"https:\/\/blogs.correiobraziliense.com.br\/vicente\/wp-json\/wp\/v2\/media?parent=6863"}],"wp:term":[{"taxonomy":"category","embeddable":true,"href":"https:\/\/blogs.correiobraziliense.com.br\/vicente\/wp-json\/wp\/v2\/categories?post=6863"},{"taxonomy":"post_tag","embeddable":true,"href":"https:\/\/blogs.correiobraziliense.com.br\/vicente\/wp-json\/wp\/v2\/tags?post=6863"}],"curies":[{"name":"wp","href":"https:\/\/api.w.org\/{rel}","templated":true}]}}