{"id":6857,"date":"2018-01-09T16:01:15","date_gmt":"2018-01-09T18:01:15","guid":{"rendered":"https:\/\/blogs.correiobraziliense.com.br\/vicente\/?p=6857"},"modified":"2018-01-09T18:04:35","modified_gmt":"2018-01-09T20:04:35","slug":"ministerio-do-trabalho-esta-sem-comando-mas-carro-circula-por-brasilia","status":"publish","type":"post","link":"https:\/\/blogs.correiobraziliense.com.br\/vicente\/ministerio-do-trabalho-esta-sem-comando-mas-carro-circula-por-brasilia\/","title":{"rendered":"Minist\u00e9rio do Trabalho est\u00e1 sem comando, mas carro circula por Bras\u00edlia"},"content":{"rendered":"<h2>ANTONIO TEM\u00d3TEO<\/h2>\n<h2><\/h2>\n<h2>O Tribunal Regional Federal da 2\u00aa Regi\u00e3o (TRF-2) manteve a proibi\u00e7\u00e3o da posse da deputada Cristiane Brasil no Minist\u00e9rio do Trabalho, mas o carro oficial da Pasta est\u00e1 transitando tranquilamente por Bras\u00edlia, com combust\u00edvel pago pelo contribuinte.<\/h2>\n<p>&nbsp;<\/p>\n<p><a href=\"https:\/\/blogs.correiobraziliense.com.br\/vicente\/wp-content\/uploads\/sites\/16\/2018\/01\/CarroTrabalho.jpg\" rel=\"attachment wp-att-6858\"><img loading=\"lazy\" decoding=\"async\" class=\"alignnone size-large wp-image-6858\" src=\"https:\/\/blogs.correiobraziliense.com.br\/vicente\/wp-content\/uploads\/sites\/16\/2018\/01\/CarroTrabalho-768x1024.jpg\" alt=\"CarroTrabalho\" width=\"768\" height=\"1024\" srcset=\"https:\/\/blogs.correiobraziliense.com.br\/vicente\/wp-content\/uploads\/sites\/16\/2018\/01\/CarroTrabalho-768x1024.jpg 768w, https:\/\/blogs.correiobraziliense.com.br\/vicente\/wp-content\/uploads\/sites\/16\/2018\/01\/CarroTrabalho-225x300.jpg 225w, https:\/\/blogs.correiobraziliense.com.br\/vicente\/wp-content\/uploads\/sites\/16\/2018\/01\/CarroTrabalho-263x350.jpg 263w, https:\/\/blogs.correiobraziliense.com.br\/vicente\/wp-content\/uploads\/sites\/16\/2018\/01\/CarroTrabalho-550x733.jpg 550w, https:\/\/blogs.correiobraziliense.com.br\/vicente\/wp-content\/uploads\/sites\/16\/2018\/01\/CarroTrabalho-230x307.jpg 230w, https:\/\/blogs.correiobraziliense.com.br\/vicente\/wp-content\/uploads\/sites\/16\/2018\/01\/CarroTrabalho.jpg 1200w\" sizes=\"auto, (max-width: 768px) 100vw, 768px\" \/><\/a><\/p>\n<p>&nbsp;<\/p>\n<p>O <strong>Blog<\/strong>\u00a0flagrou o carro \u00e0s 15h42, em frente \u00e0 Churrascaria Floresta, regi\u00e3o central da capital.<\/p>\n<p>&nbsp;<\/p>\n<p><a href=\"https:\/\/blogs.correiobraziliense.com.br\/vicente\/wp-content\/uploads\/sites\/16\/2018\/01\/CarroTrabalho1.jpg\" rel=\"attachment wp-att-6859\"><img loading=\"lazy\" decoding=\"async\" class=\"alignnone size-large wp-image-6859\" src=\"https:\/\/blogs.correiobraziliense.com.br\/vicente\/wp-content\/uploads\/sites\/16\/2018\/01\/CarroTrabalho1-768x1024.jpg\" alt=\"CarroTrabalho1\" width=\"768\" height=\"1024\" srcset=\"https:\/\/blogs.correiobraziliense.com.br\/vicente\/wp-content\/uploads\/sites\/16\/2018\/01\/CarroTrabalho1-768x1024.jpg 768w, https:\/\/blogs.correiobraziliense.com.br\/vicente\/wp-content\/uploads\/sites\/16\/2018\/01\/CarroTrabalho1-225x300.jpg 225w, https:\/\/blogs.correiobraziliense.com.br\/vicente\/wp-content\/uploads\/sites\/16\/2018\/01\/CarroTrabalho1-263x350.jpg 263w, https:\/\/blogs.correiobraziliense.com.br\/vicente\/wp-content\/uploads\/sites\/16\/2018\/01\/CarroTrabalho1-550x733.jpg 550w, https:\/\/blogs.correiobraziliense.com.br\/vicente\/wp-content\/uploads\/sites\/16\/2018\/01\/CarroTrabalho1-230x307.jpg 230w, https:\/\/blogs.correiobraziliense.com.br\/vicente\/wp-content\/uploads\/sites\/16\/2018\/01\/CarroTrabalho1.jpg 1200w\" sizes=\"auto, (max-width: 768px) 100vw, 768px\" \/><\/a><\/p>\n<p>&nbsp;<\/p>\n<p>O governo j\u00e1 cogita recorrer ao Supremo Tribunal Federal (STF) para garantir a posse da deputada, indicada pelo pai dela, Roberto Jefferson, presidente do PTB.<\/p>\n<p>&nbsp;<\/p>\n<p>Por meio da assessoria de imprensa,\u00a0o Minist\u00e9rio do Trabalho informa que o carro flagrado pelo <strong>Blog<\/strong> levava o secret\u00e1rio executivo da pasta, Helton Yomura, que assume o cargo de ministro em caso de vac\u00e2ncia. &#8220;O secret\u00e1rio executivo \u00e9 o ministro em exerc\u00edcio, e ele est\u00e1 usando o ve\u00edculo para deslocamentos&#8221;, afirma.<\/p>\n<p>&nbsp;<\/p>\n<p><em>Bras\u00edlia, 16h01min<\/em><\/p>\n","protected":false},"excerpt":{"rendered":"<p>ANTONIO TEM\u00d3TEO O Tribunal Regional Federal da 2\u00aa Regi\u00e3o (TRF-2) manteve a proibi\u00e7\u00e3o da posse da deputada Cristiane Brasil no Minist\u00e9rio do Trabalho, mas o carro oficial da Pasta est\u00e1 transitando tranquilamente por Bras\u00edlia, com combust\u00edvel pago pelo contribuinte. &nbsp; &nbsp; O Blog\u00a0flagrou o carro \u00e0s 15h42, em frente \u00e0 Churrascaria Floresta, regi\u00e3o central da [&hellip;]<\/p>\n","protected":false},"author":22,"featured_media":0,"comment_status":"open","ping_status":"closed","sticky":false,"template":"","format":"standard","meta":{"footnotes":""},"categories":[600],"tags":[378,2986,3025,1836,2307],"class_list":["post-6857","post","type-post","status-publish","format-standard","hentry","category-economia","tag-brasil","tag-carro","tag-cristiane","tag-ministerio","tag-trabalho"],"_links":{"self":[{"href":"https:\/\/blogs.correiobraziliense.com.br\/vicente\/wp-json\/wp\/v2\/posts\/6857","targetHints":{"allow":["GET"]}}],"collection":[{"href":"https:\/\/blogs.correiobraziliense.com.br\/vicente\/wp-json\/wp\/v2\/posts"}],"about":[{"href":"https:\/\/blogs.correiobraziliense.com.br\/vicente\/wp-json\/wp\/v2\/types\/post"}],"author":[{"embeddable":true,"href":"https:\/\/blogs.correiobraziliense.com.br\/vicente\/wp-json\/wp\/v2\/users\/22"}],"replies":[{"embeddable":true,"href":"https:\/\/blogs.correiobraziliense.com.br\/vicente\/wp-json\/wp\/v2\/comments?post=6857"}],"version-history":[{"count":3,"href":"https:\/\/blogs.correiobraziliense.com.br\/vicente\/wp-json\/wp\/v2\/posts\/6857\/revisions"}],"predecessor-version":[{"id":6862,"href":"https:\/\/blogs.correiobraziliense.com.br\/vicente\/wp-json\/wp\/v2\/posts\/6857\/revisions\/6862"}],"wp:attachment":[{"href":"https:\/\/blogs.correiobraziliense.com.br\/vicente\/wp-json\/wp\/v2\/media?parent=6857"}],"wp:term":[{"taxonomy":"category","embeddable":true,"href":"https:\/\/blogs.correiobraziliense.com.br\/vicente\/wp-json\/wp\/v2\/categories?post=6857"},{"taxonomy":"post_tag","embeddable":true,"href":"https:\/\/blogs.correiobraziliense.com.br\/vicente\/wp-json\/wp\/v2\/tags?post=6857"}],"curies":[{"name":"wp","href":"https:\/\/api.w.org\/{rel}","templated":true}]}}