{"id":6850,"date":"2018-01-08T20:12:00","date_gmt":"2018-01-08T22:12:00","guid":{"rendered":"https:\/\/blogs.correiobraziliense.com.br\/vicente\/?p=6850"},"modified":"2018-01-08T22:17:02","modified_gmt":"2018-01-09T00:17:02","slug":"bndes-vai-reforcar-plano-de-investimentos-do-governo","status":"publish","type":"post","link":"https:\/\/blogs.correiobraziliense.com.br\/vicente\/bndes-vai-reforcar-plano-de-investimentos-do-governo\/","title":{"rendered":"BNDES vai refor\u00e7ar plano de investimentos do governo"},"content":{"rendered":"<h2>Criado pelo Governo Federal para ampliar a rela\u00e7\u00e3o entre Estado e iniciativa privada, o Programa de Parceria de Investimentos (PPI) voltou com tudo na pauta do Pal\u00e1cio do Planalto.<\/h2>\n<p>&nbsp;<\/p>\n<p>Nesta quarta-feira, 10, o diretor de Planejamento, Cr\u00e9dito e Tecnologia do Banco Nacional de Desenvolvimento Econ\u00f4mico e Social (BNDES), Carlos Alexandre Da Costa, se re\u00fane com dirigentes da secretaria do PPI, comandada pelo ministro Moreira Franco.<\/p>\n<p>&nbsp;<\/p>\n<p>O PPI, que tem por objetivos tornar o modelo de concess\u00f5es mais eficiente e atrair investimentos em projetos de infraestrutura, enxerga no BNDES um agente financeiro importante para tal empreitada.<\/p>\n<p>&nbsp;<\/p>\n<p>Carlos Alexandre \u00e9 o respons\u00e1vel pela elabora\u00e7\u00e3o do plano estrat\u00e9gico do BNDES, que ser\u00e1 o maior da hist\u00f3ria da institui\u00e7\u00e3o.<\/p>\n","protected":false},"excerpt":{"rendered":"<p>Criado pelo Governo Federal para ampliar a rela\u00e7\u00e3o entre Estado e iniciativa privada, o Programa de Parceria de Investimentos (PPI) voltou com tudo na pauta do Pal\u00e1cio do Planalto. &nbsp; Nesta quarta-feira, 10, o diretor de Planejamento, Cr\u00e9dito e Tecnologia do Banco Nacional de Desenvolvimento Econ\u00f4mico e Social (BNDES), Carlos Alexandre Da Costa, se re\u00fane [&hellip;]<\/p>\n","protected":false},"author":22,"featured_media":0,"comment_status":"open","ping_status":"closed","sticky":false,"template":"","format":"standard","meta":{"footnotes":""},"categories":[600],"tags":[],"class_list":["post-6850","post","type-post","status-publish","format-standard","hentry","category-economia"],"_links":{"self":[{"href":"https:\/\/blogs.correiobraziliense.com.br\/vicente\/wp-json\/wp\/v2\/posts\/6850","targetHints":{"allow":["GET"]}}],"collection":[{"href":"https:\/\/blogs.correiobraziliense.com.br\/vicente\/wp-json\/wp\/v2\/posts"}],"about":[{"href":"https:\/\/blogs.correiobraziliense.com.br\/vicente\/wp-json\/wp\/v2\/types\/post"}],"author":[{"embeddable":true,"href":"https:\/\/blogs.correiobraziliense.com.br\/vicente\/wp-json\/wp\/v2\/users\/22"}],"replies":[{"embeddable":true,"href":"https:\/\/blogs.correiobraziliense.com.br\/vicente\/wp-json\/wp\/v2\/comments?post=6850"}],"version-history":[{"count":1,"href":"https:\/\/blogs.correiobraziliense.com.br\/vicente\/wp-json\/wp\/v2\/posts\/6850\/revisions"}],"predecessor-version":[{"id":6851,"href":"https:\/\/blogs.correiobraziliense.com.br\/vicente\/wp-json\/wp\/v2\/posts\/6850\/revisions\/6851"}],"wp:attachment":[{"href":"https:\/\/blogs.correiobraziliense.com.br\/vicente\/wp-json\/wp\/v2\/media?parent=6850"}],"wp:term":[{"taxonomy":"category","embeddable":true,"href":"https:\/\/blogs.correiobraziliense.com.br\/vicente\/wp-json\/wp\/v2\/categories?post=6850"},{"taxonomy":"post_tag","embeddable":true,"href":"https:\/\/blogs.correiobraziliense.com.br\/vicente\/wp-json\/wp\/v2\/tags?post=6850"}],"curies":[{"name":"wp","href":"https:\/\/api.w.org\/{rel}","templated":true}]}}