{"id":6846,"date":"2018-01-08T13:14:13","date_gmt":"2018-01-08T15:14:13","guid":{"rendered":"https:\/\/blogs.correiobraziliense.com.br\/vicente\/?p=6846"},"modified":"2018-01-08T15:23:58","modified_gmt":"2018-01-08T17:23:58","slug":"temer-exige-que-equipe-economica-adie-discussao-sobre-regra-de-ouro","status":"publish","type":"post","link":"https:\/\/blogs.correiobraziliense.com.br\/vicente\/temer-exige-que-equipe-economica-adie-discussao-sobre-regra-de-ouro\/","title":{"rendered":"Temer exige que equipe econ\u00f4mica adie discuss\u00e3o sobre regra de ouro"},"content":{"rendered":"<h2>HAMILTON FERRARI.<\/h2>\n<h2><\/h2>\n<h2>Depois de um pux\u00e3o de orelhas do presidente Michel Temer, os ministros da Fazenda, Henrique Meirelles, e do Planejamento, Dyogo Oliveira, convocaram uma entrevista coletiva para anunciar o adiamento da discuss\u00e3o sobre a Proposta de Emenda \u00e0 Constitui\u00e7\u00e3o (PEC) que altera a regra de ouro. Diante da repercuss\u00e3o negativa, a equipe econ\u00f4mica vai defender a mudan\u00e7a apenas depois da vota\u00e7\u00e3o da reforma da Previd\u00eancia Social.<\/h2>\n<p>&nbsp;<\/p>\n<p>O debate sobre a legisla\u00e7\u00e3o est\u00e1 sendo feito dentro do governo desde dezembro. A PEC veio \u00e0 tona depois que o Blog publicou a informa\u00e7\u00e3o, depois de entrevista com o deputado Pedro Paulo (MDB-RJ), que ser\u00e1 o autor do texto.<\/p>\n<p>&nbsp;<\/p>\n<p>A regra de ouro impede que o governo pague despesas correntes, como pagamento de sal\u00e1rios, emitindo d\u00edvidas. Se n\u00e3o cumprir, o presidente no cargo pode ser enquadrado em crime de responsabilidade fiscal e sofre um processo de impeachment, como ocorreu com a ex-presidente Dilma Rousseff.<\/p>\n<p>&nbsp;<\/p>\n<p>De acordo com o parlamentar, o governo poderia descumprir a legisla\u00e7\u00e3o, mas ocorreriam \u201ccontrapartidas\u201d, como o impedimento de novos concursos e corte de reajustes e servidores. A coletiva est\u00e1 marcada para \u00e0s 15h. Os dois ministros responder\u00e3o sobre o tema.<\/p>\n","protected":false},"excerpt":{"rendered":"<p>HAMILTON FERRARI. Depois de um pux\u00e3o de orelhas do presidente Michel Temer, os ministros da Fazenda, Henrique Meirelles, e do Planejamento, Dyogo Oliveira, convocaram uma entrevista coletiva para anunciar o adiamento da discuss\u00e3o sobre a Proposta de Emenda \u00e0 Constitui\u00e7\u00e3o (PEC) que altera a regra de ouro. Diante da repercuss\u00e3o negativa, a equipe econ\u00f4mica vai [&hellip;]<\/p>\n","protected":false},"author":22,"featured_media":0,"comment_status":"open","ping_status":"closed","sticky":false,"template":"","format":"standard","meta":{"footnotes":""},"categories":[600],"tags":[],"class_list":["post-6846","post","type-post","status-publish","format-standard","hentry","category-economia"],"_links":{"self":[{"href":"https:\/\/blogs.correiobraziliense.com.br\/vicente\/wp-json\/wp\/v2\/posts\/6846","targetHints":{"allow":["GET"]}}],"collection":[{"href":"https:\/\/blogs.correiobraziliense.com.br\/vicente\/wp-json\/wp\/v2\/posts"}],"about":[{"href":"https:\/\/blogs.correiobraziliense.com.br\/vicente\/wp-json\/wp\/v2\/types\/post"}],"author":[{"embeddable":true,"href":"https:\/\/blogs.correiobraziliense.com.br\/vicente\/wp-json\/wp\/v2\/users\/22"}],"replies":[{"embeddable":true,"href":"https:\/\/blogs.correiobraziliense.com.br\/vicente\/wp-json\/wp\/v2\/comments?post=6846"}],"version-history":[{"count":3,"href":"https:\/\/blogs.correiobraziliense.com.br\/vicente\/wp-json\/wp\/v2\/posts\/6846\/revisions"}],"predecessor-version":[{"id":6849,"href":"https:\/\/blogs.correiobraziliense.com.br\/vicente\/wp-json\/wp\/v2\/posts\/6846\/revisions\/6849"}],"wp:attachment":[{"href":"https:\/\/blogs.correiobraziliense.com.br\/vicente\/wp-json\/wp\/v2\/media?parent=6846"}],"wp:term":[{"taxonomy":"category","embeddable":true,"href":"https:\/\/blogs.correiobraziliense.com.br\/vicente\/wp-json\/wp\/v2\/categories?post=6846"},{"taxonomy":"post_tag","embeddable":true,"href":"https:\/\/blogs.correiobraziliense.com.br\/vicente\/wp-json\/wp\/v2\/tags?post=6846"}],"curies":[{"name":"wp","href":"https:\/\/api.w.org\/{rel}","templated":true}]}}