{"id":6825,"date":"2018-01-04T15:02:22","date_gmt":"2018-01-04T17:02:22","guid":{"rendered":"https:\/\/blogs.correiobraziliense.com.br\/vicente\/?p=6825"},"modified":"2018-01-04T15:02:22","modified_gmt":"2018-01-04T17:02:22","slug":"pelos-menos-5-mil-pessoas-tem-mais-de-r-1-milhao-cobertos-pelo-fgc","status":"publish","type":"post","link":"https:\/\/blogs.correiobraziliense.com.br\/vicente\/pelos-menos-5-mil-pessoas-tem-mais-de-r-1-milhao-cobertos-pelo-fgc\/","title":{"rendered":"Pelos menos 5 mil pessoas tem mais de R$ 1 milh\u00e3o cobertos pelo FGC"},"content":{"rendered":"<p>POR ANTONIO TEM\u00d3TEO<\/p>\n<p>&nbsp;<\/p>\n<p>Dados do Fundo Garantidor de Cr\u00e9dito (FGC) apontam que 5 mil brasileiros possuem mais de R$ 1 milh\u00e3o aplicados e cobertos pela entidade. Esse grupo corresponde a 0,3% dos investidores que tem direito a garantia do FGC.<\/p>\n<p>&nbsp;<\/p>\n<p>O Conselho Monet\u00e1rio Nacional (CMN) estabeleceu o teto de R$ 1 milh\u00e3o para pagamentos de investidores que tiverem mais de uma aplica\u00e7\u00e3o no sistema financeiro nacional em caso de quebra de uma institui\u00e7\u00e3o financeira.<\/p>\n<p>&nbsp;<\/p>\n<p>At\u00e9 a decis\u00e3o do colegiado, n\u00e3o havia um limite para pessoa f\u00edsica ou jur\u00eddica. Na pr\u00e1tica, todas as aplica\u00e7\u00f5es de at\u00e9 R$ 250 mil de um investidor estavam cobertas pelo Fundo Garantidor de Cr\u00e9dito (FGC). O teto n\u00e3o valer\u00e1 para investimentos contratados ou repactuados 22 de dezembro de 2017.\u00a0Passados quatro anos da primeira cobertura da garantia, o limite \u00e9 recomposto.<\/p>\n<p>Al\u00e9m disso, o CMN determinou que investidores n\u00e3o-residentes no Brasil passam a contar com a cobertura do FGC. O fundo cobre dep\u00f3sitos \u00e0 vista e em poupan\u00e7a, letras de c\u00e2mbio, letras imobili\u00e1rias, letras hipotec\u00e1rias, letras de cr\u00e9dito imobili\u00e1rio, letras de cr\u00e9dito do agroneg\u00f3cio, dep\u00f3sitos a prazo e opera\u00e7\u00f5es compromissadas de t\u00edtulos emitidos ap\u00f3s 8 de marco de 2012.<\/p>\n","protected":false},"excerpt":{"rendered":"<p>POR ANTONIO TEM\u00d3TEO &nbsp; Dados do Fundo Garantidor de Cr\u00e9dito (FGC) apontam que 5 mil brasileiros possuem mais de R$ 1 milh\u00e3o aplicados e cobertos pela entidade. Esse grupo corresponde a 0,3% dos investidores que tem direito a garantia do FGC. &nbsp; O Conselho Monet\u00e1rio Nacional (CMN) estabeleceu o teto de R$ 1 milh\u00e3o para [&hellip;]<\/p>\n","protected":false},"author":22,"featured_media":0,"comment_status":"open","ping_status":"closed","sticky":false,"template":"","format":"standard","meta":{"footnotes":""},"categories":[600],"tags":[2159,3021,2368,3022],"class_list":["post-6825","post","type-post","status-publish","format-standard","hentry","category-economia","tag-cmn","tag-fgc","tag-limite","tag-r-1-milhao"],"_links":{"self":[{"href":"https:\/\/blogs.correiobraziliense.com.br\/vicente\/wp-json\/wp\/v2\/posts\/6825","targetHints":{"allow":["GET"]}}],"collection":[{"href":"https:\/\/blogs.correiobraziliense.com.br\/vicente\/wp-json\/wp\/v2\/posts"}],"about":[{"href":"https:\/\/blogs.correiobraziliense.com.br\/vicente\/wp-json\/wp\/v2\/types\/post"}],"author":[{"embeddable":true,"href":"https:\/\/blogs.correiobraziliense.com.br\/vicente\/wp-json\/wp\/v2\/users\/22"}],"replies":[{"embeddable":true,"href":"https:\/\/blogs.correiobraziliense.com.br\/vicente\/wp-json\/wp\/v2\/comments?post=6825"}],"version-history":[{"count":1,"href":"https:\/\/blogs.correiobraziliense.com.br\/vicente\/wp-json\/wp\/v2\/posts\/6825\/revisions"}],"predecessor-version":[{"id":6826,"href":"https:\/\/blogs.correiobraziliense.com.br\/vicente\/wp-json\/wp\/v2\/posts\/6825\/revisions\/6826"}],"wp:attachment":[{"href":"https:\/\/blogs.correiobraziliense.com.br\/vicente\/wp-json\/wp\/v2\/media?parent=6825"}],"wp:term":[{"taxonomy":"category","embeddable":true,"href":"https:\/\/blogs.correiobraziliense.com.br\/vicente\/wp-json\/wp\/v2\/categories?post=6825"},{"taxonomy":"post_tag","embeddable":true,"href":"https:\/\/blogs.correiobraziliense.com.br\/vicente\/wp-json\/wp\/v2\/tags?post=6825"}],"curies":[{"name":"wp","href":"https:\/\/api.w.org\/{rel}","templated":true}]}}