{"id":6788,"date":"2017-12-24T11:43:44","date_gmt":"2017-12-24T13:43:44","guid":{"rendered":"https:\/\/blogs.correiobraziliense.com.br\/vicente\/?p=6788"},"modified":"2017-12-24T13:45:31","modified_gmt":"2017-12-24T15:45:31","slug":"novo-risco-de-rebaixamento","status":"publish","type":"post","link":"https:\/\/blogs.correiobraziliense.com.br\/vicente\/novo-risco-de-rebaixamento\/","title":{"rendered":"Novo risco de rebaixamento"},"content":{"rendered":"<p><a href=\"https:\/\/blogs.correiobraziliense.com.br\/vicente\/wp-content\/uploads\/sites\/16\/2017\/12\/Quando2019chegar.jpg\" rel=\"attachment wp-att-6778\"><img loading=\"lazy\" decoding=\"async\" class=\"alignnone size-large wp-image-6778\" src=\"https:\/\/blogs.correiobraziliense.com.br\/vicente\/wp-content\/uploads\/sites\/16\/2017\/12\/Quando2019chegar-1024x80.jpg\" alt=\"Quando2019chegar\" width=\"1024\" height=\"80\" srcset=\"https:\/\/blogs.correiobraziliense.com.br\/vicente\/wp-content\/uploads\/sites\/16\/2017\/12\/Quando2019chegar-1024x80.jpg 1024w, https:\/\/blogs.correiobraziliense.com.br\/vicente\/wp-content\/uploads\/sites\/16\/2017\/12\/Quando2019chegar-300x23.jpg 300w, https:\/\/blogs.correiobraziliense.com.br\/vicente\/wp-content\/uploads\/sites\/16\/2017\/12\/Quando2019chegar-768x60.jpg 768w, https:\/\/blogs.correiobraziliense.com.br\/vicente\/wp-content\/uploads\/sites\/16\/2017\/12\/Quando2019chegar-350x27.jpg 350w, https:\/\/blogs.correiobraziliense.com.br\/vicente\/wp-content\/uploads\/sites\/16\/2017\/12\/Quando2019chegar-550x43.jpg 550w, https:\/\/blogs.correiobraziliense.com.br\/vicente\/wp-content\/uploads\/sites\/16\/2017\/12\/Quando2019chegar-230x18.jpg 230w, https:\/\/blogs.correiobraziliense.com.br\/vicente\/wp-content\/uploads\/sites\/16\/2017\/12\/Quando2019chegar.jpg 1026w\" sizes=\"auto, (max-width: 1024px) 100vw, 1024px\" \/><\/a><\/p>\n<h2>ROSANA HESSEL<\/h2>\n<h2><\/h2>\n<h2>As ag\u00eancias de classifica\u00e7\u00e3o de risco est\u00e3o atentas \u00e0 trajet\u00f3ria da d\u00edvida p\u00fablica e, n\u00e3o \u00e0 toa, j\u00e1 avisaram que devem rebaixar o pa\u00eds novamente devido ao adiamento da vota\u00e7\u00e3o da reforma da Previd\u00eancia para 19 de fevereiro de 2018. As chances de a proposta passar muito mais magra do que est\u00e1 no Congresso s\u00e3o grandes, na avalia\u00e7\u00e3o do economista-chefe para a Am\u00e9rica Latina do Goldman Sachs, Alberto Ramos. Isso aumenta a chance de novo rebaixamento. Ramos lembra que, para a d\u00edvida p\u00fablica parar de crescer, o governo precisar\u00e1 fazer um ajuste de 5% do Produto Interno Bruto (PIB). \u201cO deficit prim\u00e1rio est\u00e1 em 2,5% do PIB e, para reverter o quadro, o governo precisa zerar o rombo e fazer superavit na mesma propor\u00e7\u00e3o. Isso n\u00e3o ser\u00e1 f\u00e1cil\u201d, avisa.<\/h2>\n<p>&nbsp;<\/p>\n<p>O ministro da Fazenda, Henrique Meirelles, minimiza esses riscos e demonstra confian\u00e7a de que a reforma da Previd\u00eancia ser\u00e1 aprovada em 2018 para evitar o buraco fiscal quando o novo governo assumir. \u201cExatamente para assegurar que n\u00e3o teremos essa situa\u00e7\u00e3o de problema grave, temos regras. Tem a Lei da Responsabilidade Fiscal, a regra de ouro e o teto dos gastos. \u00c9 uma s\u00e9rie de regras exatamente para presumir problemas graves. Isso \u00e9 positivo\u201d, diz.<\/p>\n<p>&nbsp;<\/p>\n<p>No Congresso, entretanto, parlamentares aliados do governo afirmam que ser\u00e1 dif\u00edcil votar a Previd\u00eancia em fevereiro de 2018, pela proximidade com o per\u00edodo eleitoral. Apesar disso, o Pal\u00e1cio do Planalto quer que a proposta n\u00e3o saia de pauta, mesmo no recesso. O discurso governista \u00e9 de que, ao voltarem para as bases, os deputados ver\u00e3o que o texto n\u00e3o enfrenta mais tanta resist\u00eancia da sociedade.<\/p>\n<p>&nbsp;<\/p>\n<p>Grande parte dos especialitas descarta a possibilidade de aprova\u00e7\u00e3o. Zeina Latif, economista-chefe da XP Investimentos, afirma que, se a janela de oportunidade de vota\u00e7\u00e3o n\u00e3o se fechou, est\u00e1 por uma pequena fresta. \u201cA sensa\u00e7\u00e3o \u00e9 de que, depois do Carnaval, o governo ter\u00e1 que negociar tudo novamente. H\u00e1 uma quest\u00e3o \u00f3bvia de resist\u00eancia das corpora\u00e7\u00f5es dos servidores \u00e0s mudan\u00e7as\u201d, aponta.<\/p>\n<p>&nbsp;<\/p>\n<p>\u201cA verdade \u00e9 que, em 2019, se n\u00e3o tivermos a reforma da Previd\u00eancia, a realidade vai piorar. \u00c9 poss\u00edvel que a arrecada\u00e7\u00e3o tenda a ter uma din\u00e2mica melhor e ganhe for\u00e7as ao longo dos anos, com a retomada da economia. Mesmo assim, n\u00e3o compensar\u00e1 o aumento das despesas obrigat\u00f3rias, em especial, as previdenci\u00e1rias\u201d, afirma. Para Zeina, o esfor\u00e7o fiscal demandar\u00e1 articuladores pol\u00edticos e equipe econ\u00f4mica fortes. \u201cA quest\u00e3o das contas p\u00fablicas n\u00e3o pode ficar de fora do debate nas elei\u00e7\u00f5es\u201d, conclui.<\/p>\n<p>&nbsp;<\/p>\n<p><em>Bras\u00edlia, 11h43min<\/em><\/p>\n","protected":false},"excerpt":{"rendered":"<p>ROSANA HESSEL As ag\u00eancias de classifica\u00e7\u00e3o de risco est\u00e3o atentas \u00e0 trajet\u00f3ria da d\u00edvida p\u00fablica e, n\u00e3o \u00e0 toa, j\u00e1 avisaram que devem rebaixar o pa\u00eds novamente devido ao adiamento da vota\u00e7\u00e3o da reforma da Previd\u00eancia para 19 de fevereiro de 2018. As chances de a proposta passar muito mais magra do que est\u00e1 no [&hellip;]<\/p>\n","protected":false},"author":22,"featured_media":0,"comment_status":"open","ping_status":"closed","sticky":false,"template":"","format":"standard","meta":{"footnotes":""},"categories":[600],"tags":[1531,3002,70,2803],"class_list":["post-6788","post","type-post","status-publish","format-standard","hentry","category-economia","tag-agencias","tag-classificacao","tag-rebaixamento","tag-risco"],"_links":{"self":[{"href":"https:\/\/blogs.correiobraziliense.com.br\/vicente\/wp-json\/wp\/v2\/posts\/6788","targetHints":{"allow":["GET"]}}],"collection":[{"href":"https:\/\/blogs.correiobraziliense.com.br\/vicente\/wp-json\/wp\/v2\/posts"}],"about":[{"href":"https:\/\/blogs.correiobraziliense.com.br\/vicente\/wp-json\/wp\/v2\/types\/post"}],"author":[{"embeddable":true,"href":"https:\/\/blogs.correiobraziliense.com.br\/vicente\/wp-json\/wp\/v2\/users\/22"}],"replies":[{"embeddable":true,"href":"https:\/\/blogs.correiobraziliense.com.br\/vicente\/wp-json\/wp\/v2\/comments?post=6788"}],"version-history":[{"count":1,"href":"https:\/\/blogs.correiobraziliense.com.br\/vicente\/wp-json\/wp\/v2\/posts\/6788\/revisions"}],"predecessor-version":[{"id":6789,"href":"https:\/\/blogs.correiobraziliense.com.br\/vicente\/wp-json\/wp\/v2\/posts\/6788\/revisions\/6789"}],"wp:attachment":[{"href":"https:\/\/blogs.correiobraziliense.com.br\/vicente\/wp-json\/wp\/v2\/media?parent=6788"}],"wp:term":[{"taxonomy":"category","embeddable":true,"href":"https:\/\/blogs.correiobraziliense.com.br\/vicente\/wp-json\/wp\/v2\/categories?post=6788"},{"taxonomy":"post_tag","embeddable":true,"href":"https:\/\/blogs.correiobraziliense.com.br\/vicente\/wp-json\/wp\/v2\/tags?post=6788"}],"curies":[{"name":"wp","href":"https:\/\/api.w.org\/{rel}","templated":true}]}}