{"id":6770,"date":"2017-12-21T09:26:48","date_gmt":"2017-12-21T11:26:48","guid":{"rendered":"https:\/\/blogs.correiobraziliense.com.br\/vicente\/?p=6770"},"modified":"2018-03-23T23:57:45","modified_gmt":"2018-03-24T02:57:45","slug":"sai-policial-federal-do-denatran-e-entra-politico","status":"publish","type":"post","link":"https:\/\/blogs.correiobraziliense.com.br\/vicente\/sai-policial-federal-do-denatran-e-entra-politico\/","title":{"rendered":"Sai policial federal do Denatran e entra pol\u00edtico"},"content":{"rendered":"<h2>Alexandre Baldy, ministros das Cidades, est\u00e1 seguindo \u00e0 risca a cartilha do Pal\u00e1cio do Planalto e distribuindo cargos para atender pedidos de pol\u00edticos. Ele demitiu o policial federal Elmer Vicenzi da dire\u00e7\u00e3o do Departamento Nacional de Tr\u00e2nsito (Denatran), substitu\u00eddo por Maur\u00edcio Jos\u00e9 Pereira, ligado \u00e0 bancada do PP da Para\u00edba.<\/h2>\n<p>&nbsp;<\/p>\n<p><strong>Cofres mais abertos<\/strong><\/p>\n<p>&nbsp;<\/p>\n<p>Baldy tamb\u00e9m mexeu na subsecretaria de Planejamento, Or\u00e7amento e Administra\u00e7\u00e3o do Minist\u00e9rio das Cidades, respons\u00e1vel pelo empenho de emendas de parlamentares. Saiu Mar\u00e7al Marcelino Silva Neto. Entrou Fl\u00e1via Maria Sant\u2019Anna Lima. Espera-se, agora, que os pleitos de deputados e senadores sejam atendidos mais rapidamente.<\/p>\n<p>&nbsp;<\/p>\n<p><em>Bras\u00edlia, 09h26min<\/em><\/p>\n","protected":false},"excerpt":{"rendered":"<p>Alexandre Baldy, ministros das Cidades, est\u00e1 seguindo \u00e0 risca a cartilha do Pal\u00e1cio do Planalto e distribuindo cargos para atender pedidos de pol\u00edticos. Ele demitiu o policial federal Elmer Vicenzi da dire\u00e7\u00e3o do Departamento Nacional de Tr\u00e2nsito (Denatran), substitu\u00eddo por Maur\u00edcio Jos\u00e9 Pereira, ligado \u00e0 bancada do PP da Para\u00edba. &nbsp; Cofres mais abertos &nbsp; [&hellip;]<\/p>\n","protected":false},"author":22,"featured_media":0,"comment_status":"open","ping_status":"closed","sticky":false,"template":"","format":"standard","meta":{"footnotes":""},"categories":[600],"tags":[2993,2994,2980,2979,2995],"class_list":["post-6770","post","type-post","status-publish","format-standard","hentry","category-economia","tag-alexandre","tag-baldy","tag-denatran","tag-elmer-vicenzi","tag-ministerio-das-cidades"],"_links":{"self":[{"href":"https:\/\/blogs.correiobraziliense.com.br\/vicente\/wp-json\/wp\/v2\/posts\/6770","targetHints":{"allow":["GET"]}}],"collection":[{"href":"https:\/\/blogs.correiobraziliense.com.br\/vicente\/wp-json\/wp\/v2\/posts"}],"about":[{"href":"https:\/\/blogs.correiobraziliense.com.br\/vicente\/wp-json\/wp\/v2\/types\/post"}],"author":[{"embeddable":true,"href":"https:\/\/blogs.correiobraziliense.com.br\/vicente\/wp-json\/wp\/v2\/users\/22"}],"replies":[{"embeddable":true,"href":"https:\/\/blogs.correiobraziliense.com.br\/vicente\/wp-json\/wp\/v2\/comments?post=6770"}],"version-history":[{"count":1,"href":"https:\/\/blogs.correiobraziliense.com.br\/vicente\/wp-json\/wp\/v2\/posts\/6770\/revisions"}],"predecessor-version":[{"id":6771,"href":"https:\/\/blogs.correiobraziliense.com.br\/vicente\/wp-json\/wp\/v2\/posts\/6770\/revisions\/6771"}],"wp:attachment":[{"href":"https:\/\/blogs.correiobraziliense.com.br\/vicente\/wp-json\/wp\/v2\/media?parent=6770"}],"wp:term":[{"taxonomy":"category","embeddable":true,"href":"https:\/\/blogs.correiobraziliense.com.br\/vicente\/wp-json\/wp\/v2\/categories?post=6770"},{"taxonomy":"post_tag","embeddable":true,"href":"https:\/\/blogs.correiobraziliense.com.br\/vicente\/wp-json\/wp\/v2\/tags?post=6770"}],"curies":[{"name":"wp","href":"https:\/\/api.w.org\/{rel}","templated":true}]}}