{"id":6759,"date":"2017-12-19T11:12:30","date_gmt":"2017-12-19T13:12:30","guid":{"rendered":"https:\/\/blogs.correiobraziliense.com.br\/vicente\/?p=6759"},"modified":"2017-12-19T11:12:30","modified_gmt":"2017-12-19T13:12:30","slug":"cadastro-positivo-deve-ser-votado-hoje-pela-camara","status":"publish","type":"post","link":"https:\/\/blogs.correiobraziliense.com.br\/vicente\/cadastro-positivo-deve-ser-votado-hoje-pela-camara\/","title":{"rendered":"Cadastro positivo deve ser votado hoje pela C\u00e2mara"},"content":{"rendered":"<p>ANTONIO TEM\u00d3TEO<\/p>\n<p>&nbsp;<\/p>\n<p>O cadastro positivo ser\u00e1 uma ferramenta importante para reduzir o custo de cr\u00e9dito, avaliou o presidente do Banco Central (BC), Ilan Goldfajn. Conforme ele, a medida, j\u00e1 aprovada pelo Senado Federal, deve ser votada ainda hoje pela C\u00e2mara dos Deputados. Ilan \u00e9 um dos palestrantes do semin\u00e1rio <b><i>Correio<\/i><\/b> <i>Debate &#8211; Desafios para 2018, <\/i>organizado pelo <b>Correio Braziliense<\/b>.<\/p>\n<p>&nbsp;<\/p>\n<p>O chefe da autoridade monet\u00e1ria ainda ressaltou que democratizar as informa\u00e7\u00f5es para reduzir custos de cr\u00e9dito \u00e9 essencial para estimular a concorr\u00eancia na oferta de financiamentos. \u201cNo sistema financeiro, precisamos que a informa\u00e7\u00e3o chegue aos menores, aos varejistas\u201d, destacou.<\/p>\n<p>&nbsp;<\/p>\n<p>Pela proposta, todos os consumidores ser\u00e3o inscritos no cadastro positivo e ter\u00e3o a op\u00e7\u00e3o sair. Informa\u00e7\u00f5es como o pagamento de taxas p\u00fablicas, como contas de \u00e1gua e luz, al\u00e9m do hist\u00f3rico de cr\u00e9dito ficar\u00e3o dispon\u00edveis para consulta. Com isso, os melhores pagadores ter\u00e3o acesso a taxas de juros menores.<\/p>\n","protected":false},"excerpt":{"rendered":"<p>ANTONIO TEM\u00d3TEO &nbsp; O cadastro positivo ser\u00e1 uma ferramenta importante para reduzir o custo de cr\u00e9dito, avaliou o presidente do Banco Central (BC), Ilan Goldfajn. Conforme ele, a medida, j\u00e1 aprovada pelo Senado Federal, deve ser votada ainda hoje pela C\u00e2mara dos Deputados. Ilan \u00e9 um dos palestrantes do semin\u00e1rio Correio Debate &#8211; Desafios para [&hellip;]<\/p>\n","protected":false},"author":22,"featured_media":0,"comment_status":"open","ping_status":"closed","sticky":false,"template":"","format":"standard","meta":{"footnotes":""},"categories":[600],"tags":[106,2989,103,107],"class_list":["post-6759","post","type-post","status-publish","format-standard","hentry","category-economia","tag-bc","tag-cadastro-positivo","tag-credito","tag-ilan-goldfajn"],"_links":{"self":[{"href":"https:\/\/blogs.correiobraziliense.com.br\/vicente\/wp-json\/wp\/v2\/posts\/6759","targetHints":{"allow":["GET"]}}],"collection":[{"href":"https:\/\/blogs.correiobraziliense.com.br\/vicente\/wp-json\/wp\/v2\/posts"}],"about":[{"href":"https:\/\/blogs.correiobraziliense.com.br\/vicente\/wp-json\/wp\/v2\/types\/post"}],"author":[{"embeddable":true,"href":"https:\/\/blogs.correiobraziliense.com.br\/vicente\/wp-json\/wp\/v2\/users\/22"}],"replies":[{"embeddable":true,"href":"https:\/\/blogs.correiobraziliense.com.br\/vicente\/wp-json\/wp\/v2\/comments?post=6759"}],"version-history":[{"count":1,"href":"https:\/\/blogs.correiobraziliense.com.br\/vicente\/wp-json\/wp\/v2\/posts\/6759\/revisions"}],"predecessor-version":[{"id":6760,"href":"https:\/\/blogs.correiobraziliense.com.br\/vicente\/wp-json\/wp\/v2\/posts\/6759\/revisions\/6760"}],"wp:attachment":[{"href":"https:\/\/blogs.correiobraziliense.com.br\/vicente\/wp-json\/wp\/v2\/media?parent=6759"}],"wp:term":[{"taxonomy":"category","embeddable":true,"href":"https:\/\/blogs.correiobraziliense.com.br\/vicente\/wp-json\/wp\/v2\/categories?post=6759"},{"taxonomy":"post_tag","embeddable":true,"href":"https:\/\/blogs.correiobraziliense.com.br\/vicente\/wp-json\/wp\/v2\/tags?post=6759"}],"curies":[{"name":"wp","href":"https:\/\/api.w.org\/{rel}","templated":true}]}}