{"id":6757,"date":"2017-12-19T11:01:49","date_gmt":"2017-12-19T13:01:49","guid":{"rendered":"https:\/\/blogs.correiobraziliense.com.br\/vicente\/?p=6757"},"modified":"2017-12-19T19:23:15","modified_gmt":"2017-12-19T21:23:15","slug":"juros-devem-cair-em-fevereiro-aponta-presidente-do-bc","status":"publish","type":"post","link":"https:\/\/blogs.correiobraziliense.com.br\/vicente\/juros-devem-cair-em-fevereiro-aponta-presidente-do-bc\/","title":{"rendered":"Juros devem cair em fevereiro, sinaliza presidente do BC"},"content":{"rendered":"<p>ANTONIO TEM\u00d3TEO<\/p>\n<p>&nbsp;<\/p>\n<p>O presidente do Banco Central (BC), Ilan Goldfajn, voltou a destacar que o processo de queda de juros e da infla\u00e7\u00e3o s\u00f3 foi poss\u00edvel ap\u00f3s uma mudan\u00e7a de dire\u00e7\u00e3o da pol\u00edtica econ\u00f4mica e uma atua\u00e7\u00e3o firme da autoridade monet\u00e1ria, que n\u00e3o se deixou influenciar pelas press\u00f5es de empres\u00e1rios e de parte do mercado.\u00a0Ilan \u00e9 um dos palestrantes do semin\u00e1rio <b><i>Correio<\/i><\/b> <i>Debate &#8211; Desafios para 2018, <\/i>organizado pelo <b>Correio Braziliense<\/b>.<\/p>\n<p>&nbsp;<\/p>\n<p>Conforme ele, no ano passado, o BC tomou a decis\u00e3o de levar o \u00cdndice de Pre\u00e7os ao Consumidor Amplo (IPCA) para o centro da meta, de 4,5%, e esperou a ancoragem das expectativas antes de come\u00e7ar a reduzir os juros. \u201cFizemos isso e n\u00e3o o contr\u00e1rio. Acreditamos que isso levou, em parte, a queda da infla\u00e7\u00e3o\u201d, destacou.<\/p>\n<p>&nbsp;<\/p>\n<p>Para 2018, o chefe da autoridade monet\u00e1ria destacou que as perspectivas s\u00e3o de infla\u00e7\u00e3o controlada, crescimento da economia e, possivelmente, uma nova queda de juros em fevereiro. Entretanto, o presidente do BC alertou que a redu\u00e7\u00e3o da taxa depende manuten\u00e7\u00e3o das condi\u00e7\u00f5es macroecon\u00f4micas. \u201cOs riscos s\u00e3o de os ajustes e reformas n\u00e3o continuarem, combinado com uma piora do ambiente internacional\u201d, disse.<\/p>\n","protected":false},"excerpt":{"rendered":"<p>ANTONIO TEM\u00d3TEO &nbsp; O presidente do Banco Central (BC), Ilan Goldfajn, voltou a destacar que o processo de queda de juros e da infla\u00e7\u00e3o s\u00f3 foi poss\u00edvel ap\u00f3s uma mudan\u00e7a de dire\u00e7\u00e3o da pol\u00edtica econ\u00f4mica e uma atua\u00e7\u00e3o firme da autoridade monet\u00e1ria, que n\u00e3o se deixou influenciar pelas press\u00f5es de empres\u00e1rios e de parte do [&hellip;]<\/p>\n","protected":false},"author":22,"featured_media":0,"comment_status":"open","ping_status":"closed","sticky":false,"template":"","format":"standard","meta":{"footnotes":""},"categories":[600],"tags":[106,14,1213,4,34],"class_list":["post-6757","post","type-post","status-publish","format-standard","hentry","category-economia","tag-bc","tag-inflacao","tag-ipca","tag-juros","tag-selic"],"_links":{"self":[{"href":"https:\/\/blogs.correiobraziliense.com.br\/vicente\/wp-json\/wp\/v2\/posts\/6757","targetHints":{"allow":["GET"]}}],"collection":[{"href":"https:\/\/blogs.correiobraziliense.com.br\/vicente\/wp-json\/wp\/v2\/posts"}],"about":[{"href":"https:\/\/blogs.correiobraziliense.com.br\/vicente\/wp-json\/wp\/v2\/types\/post"}],"author":[{"embeddable":true,"href":"https:\/\/blogs.correiobraziliense.com.br\/vicente\/wp-json\/wp\/v2\/users\/22"}],"replies":[{"embeddable":true,"href":"https:\/\/blogs.correiobraziliense.com.br\/vicente\/wp-json\/wp\/v2\/comments?post=6757"}],"version-history":[{"count":2,"href":"https:\/\/blogs.correiobraziliense.com.br\/vicente\/wp-json\/wp\/v2\/posts\/6757\/revisions"}],"predecessor-version":[{"id":6761,"href":"https:\/\/blogs.correiobraziliense.com.br\/vicente\/wp-json\/wp\/v2\/posts\/6757\/revisions\/6761"}],"wp:attachment":[{"href":"https:\/\/blogs.correiobraziliense.com.br\/vicente\/wp-json\/wp\/v2\/media?parent=6757"}],"wp:term":[{"taxonomy":"category","embeddable":true,"href":"https:\/\/blogs.correiobraziliense.com.br\/vicente\/wp-json\/wp\/v2\/categories?post=6757"},{"taxonomy":"post_tag","embeddable":true,"href":"https:\/\/blogs.correiobraziliense.com.br\/vicente\/wp-json\/wp\/v2\/tags?post=6757"}],"curies":[{"name":"wp","href":"https:\/\/api.w.org\/{rel}","templated":true}]}}