{"id":6734,"date":"2017-12-15T17:11:51","date_gmt":"2017-12-15T19:11:51","guid":{"rendered":"https:\/\/blogs.correiobraziliense.com.br\/vicente\/?p=6734"},"modified":"2017-12-15T17:12:24","modified_gmt":"2017-12-15T19:12:24","slug":"6734-2","status":"publish","type":"post","link":"https:\/\/blogs.correiobraziliense.com.br\/vicente\/6734-2\/","title":{"rendered":"Investigados pela pol\u00edcia ou r\u00e9us n\u00e3o podem ser dirigentes de fundo de pens\u00e3o"},"content":{"rendered":"<p>POR ANTONIO TEM\u00d3TEO<\/p>\n<p>&nbsp;<\/p>\n<p>Quem pleitear uma vaga nos conselhos deliberativos ou fiscal, al\u00e9m de uma vaga na diretoria de um fundo de pens\u00e3o ter\u00e1 de comprovar reputa\u00e7\u00e3o ilibada. A Portaria n\u00ba 1.146\/2017, publicada hoje no Di\u00e1rio Oficial da Uni\u00e3o (DOU) pela Superintend\u00eancia Nacional de Previd\u00eancia Complementar (Previc), estabeleceu os par\u00e2metros para a an\u00e1lise no processo de habilita\u00e7\u00e3o de dirigentes.<\/p>\n<p>&nbsp;<\/p>\n<p>Quem for eleito pelos participantes ou indicado pela patrocinadora n\u00e3o pode responder, em curso, a inqu\u00e9rito policial ou processo criminal, judicial ou administrativo que tenha rela\u00e7\u00e3o com sistema financeiro nacional, mercado de capitais, seguridade social, economia popular e &#8220;lavagem&#8221; ou oculta\u00e7\u00e3o de bens, direitos e valores.<\/p>\n<p>&nbsp;<\/p>\n<p>Na avalia\u00e7\u00e3o da Previc, os requisitos para a comprova\u00e7\u00e3o de reputa\u00e7\u00e3o ilibada passam a estar alinhados com o que j\u00e1 \u00e9 praticado por outros supervisores do Sistema Financeiro Nacional, como por exemplo as exig\u00eancias feitas pelo Banco Central (BC) para o exerc\u00edcio de cargos estatut\u00e1rios em institui\u00e7\u00f5es financeiras.<\/p>\n","protected":false},"excerpt":{"rendered":"<p>POR ANTONIO TEM\u00d3TEO &nbsp; Quem pleitear uma vaga nos conselhos deliberativos ou fiscal, al\u00e9m de uma vaga na diretoria de um fundo de pens\u00e3o ter\u00e1 de comprovar reputa\u00e7\u00e3o ilibada. A Portaria n\u00ba 1.146\/2017, publicada hoje no Di\u00e1rio Oficial da Uni\u00e3o (DOU) pela Superintend\u00eancia Nacional de Previd\u00eancia Complementar (Previc), estabeleceu os par\u00e2metros para a an\u00e1lise no [&hellip;]<\/p>\n","protected":false},"author":22,"featured_media":0,"comment_status":"open","ping_status":"closed","sticky":false,"template":"","format":"standard","meta":{"footnotes":""},"categories":[600],"tags":[2972,2973,2976,2827,2974,251,2975],"class_list":["post-6734","post","type-post","status-publish","format-standard","hentry","category-economia","tag-diario-oficial-da-uniao","tag-dou","tag-habilitacao-de-dirigentes","tag-portaria","tag-portaria-no-1-1462017","tag-previc","tag-reputacao-ilibada"],"_links":{"self":[{"href":"https:\/\/blogs.correiobraziliense.com.br\/vicente\/wp-json\/wp\/v2\/posts\/6734","targetHints":{"allow":["GET"]}}],"collection":[{"href":"https:\/\/blogs.correiobraziliense.com.br\/vicente\/wp-json\/wp\/v2\/posts"}],"about":[{"href":"https:\/\/blogs.correiobraziliense.com.br\/vicente\/wp-json\/wp\/v2\/types\/post"}],"author":[{"embeddable":true,"href":"https:\/\/blogs.correiobraziliense.com.br\/vicente\/wp-json\/wp\/v2\/users\/22"}],"replies":[{"embeddable":true,"href":"https:\/\/blogs.correiobraziliense.com.br\/vicente\/wp-json\/wp\/v2\/comments?post=6734"}],"version-history":[{"count":2,"href":"https:\/\/blogs.correiobraziliense.com.br\/vicente\/wp-json\/wp\/v2\/posts\/6734\/revisions"}],"predecessor-version":[{"id":6736,"href":"https:\/\/blogs.correiobraziliense.com.br\/vicente\/wp-json\/wp\/v2\/posts\/6734\/revisions\/6736"}],"wp:attachment":[{"href":"https:\/\/blogs.correiobraziliense.com.br\/vicente\/wp-json\/wp\/v2\/media?parent=6734"}],"wp:term":[{"taxonomy":"category","embeddable":true,"href":"https:\/\/blogs.correiobraziliense.com.br\/vicente\/wp-json\/wp\/v2\/categories?post=6734"},{"taxonomy":"post_tag","embeddable":true,"href":"https:\/\/blogs.correiobraziliense.com.br\/vicente\/wp-json\/wp\/v2\/tags?post=6734"}],"curies":[{"name":"wp","href":"https:\/\/api.w.org\/{rel}","templated":true}]}}