{"id":6732,"date":"2017-12-15T06:06:19","date_gmt":"2017-12-15T08:06:19","guid":{"rendered":"https:\/\/blogs.correiobraziliense.com.br\/vicente\/?p=6732"},"modified":"2017-12-15T11:35:10","modified_gmt":"2017-12-15T13:35:10","slug":"correio-economico-o-efeito-dos-juros","status":"publish","type":"post","link":"https:\/\/blogs.correiobraziliense.com.br\/vicente\/correio-economico-o-efeito-dos-juros\/","title":{"rendered":"Correio Econ\u00f4mico: O efeito dos juros"},"content":{"rendered":"<h2>Nas contas da Secretaria de Pol\u00edtica Econ\u00f4mica, do Minist\u00e9rio da Fazenda, os juros altos tiraram 0,8% do Produto Interno Bruto (PIB) do pa\u00eds em 2017. A Selic come\u00e7ou o ano 13,75%, mesmo depois de o Banco Central (BC) ter iniciado o ciclo de redu\u00e7\u00e3o em outubro do ano passado. A estimativa de perda divulgada ontem faz parte da grade de par\u00e2metros macroecon\u00f4micos apresentados pelo secret\u00e1rio de Pol\u00edtica Econ\u00f4mica, F\u00e1bio Kanczuk, e pelo ministro da Fazenda, Henrique Meirelles.<\/h2>\n<p>&nbsp;<\/p>\n<p>Segundo eles, a economia crescer\u00e1 1,1% em 2017 e 3% no pr\u00f3ximo ano. Kanczuk detalhou que 1% do crescimento ser\u00e1 impulsionado pela pol\u00edtica monet\u00e1ria, que, de acordo com o presidente do BC, est\u00e1 em terreno estimulativo. Na pr\u00e1tica, eles afirmaram que os juros baixos tendem a favorecer a retomada da atividade. No \u00faltimo encontro com jornalistas, o chefe da autoridade monet\u00e1ria deixou claro que n\u00e3o se arrepende de ter come\u00e7ado o ciclo de redu\u00e7\u00e3o da Selic somente em outubro. Ele explicou que a medida foi fundamental para ancoragem das expectativas de infla\u00e7\u00e3o e para a queda do \u00cdndice de Pre\u00e7os ao Consumidor Amplo (IPCA).<\/p>\n<p>&nbsp;<\/p>\n<p>Contudo, mais importante do que isso \u00e9 saber por quanto tempo os juros permanecer\u00e3o baixos, nesse patamar. O pr\u00f3ximo encontro da autoridade monet\u00e1ria ocorrer\u00e1 em 6 e 7 de fevereiro, quando h\u00e1 a expectativa de que uma redu\u00e7\u00e3o de 0,25 ponto percentual seja deliberada pelo Comit\u00ea de Pol\u00edtica Monet\u00e1ria (Copom). Na ata do \u00faltimo encontro, a palavra \u201creformas\u201d foi citada sete vezes, o que deu ainda mais peso \u00e0 necessidade de o Congresso Nacional aprovar as mudan\u00e7as nas regras para concess\u00e3o de benef\u00edcios do Instituto Nacional do Seguro Social (INSS).<\/p>\n<p>&nbsp;<\/p>\n<p>Entretanto, as idas e vindas da vota\u00e7\u00e3o da reforma da Previd\u00eancia podem afetar a decis\u00e3o do colegiado. O presidente da C\u00e2mara dos Deputados, Rodrigo Maia (DEM-RJ), anunciou ontem que a reforma ser\u00e1 votada em 19 de fevereiro, ap\u00f3s a reuni\u00e3o do Copom. No mercado, diversos analistas s\u00e3o c\u00e9ticos sobre as chances de o texto ser apreciado no come\u00e7o do ano, quando o pa\u00eds j\u00e1 estar\u00e1 tomado pelo clima eleitoral. Para piorar a situa\u00e7\u00e3o, a autoridade monet\u00e1ria pode ser obrigada a subir os juros diante da volatilidade esperada para o pr\u00f3ximo ano.<\/p>\n<p>&nbsp;<\/p>\n<p><strong>Riscos<\/strong><\/p>\n<p>&nbsp;<\/p>\n<p>Parte dessa volatilidade come\u00e7ou a ser sentida nesta semana. A Bolsa de Valores de S\u00e3o Paulo (B3) encerrou o preg\u00e3o em queda pelo segundo dia consecutivo, com redu\u00e7\u00e3o de 0,67%, aos 72.428 pontos. J\u00e1 o d\u00f3lar subiu 0,82%, negociado a R$ 3,337. A tend\u00eancia de desvaloriza\u00e7\u00e3o dos ativos brasileiros deve aumentar ap\u00f3s a ag\u00eancia de classifica\u00e7\u00e3o de risco Moody\u2019s sinalizar que a decis\u00e3o de adiar a vota\u00e7\u00e3o da reforma da Previd\u00eancia pode levar a um novo rebaixamento.<\/p>\n<p>&nbsp;<\/p>\n<p>Atualmente, a nota do Brasil est\u00e1 dois degraus abaixo do grau de investimento. O rating do pa\u00eds dado pela Moody\u00b4s \u00e9 de Ba2, com perspectiva negativa desde maio.\u201cO adiamento da vota\u00e7\u00e3o da reforma da Previd\u00eancia \u00e9 um fator de cr\u00e9dito negativo e indica falta de apoio pol\u00edtico para a proposta. Isso aumenta a possibilidade de que a reforma n\u00e3o seja aprovada no ano que vem, dada a incerteza em torno das elei\u00e7\u00f5es presidenciais\u201d, afirmou em nota o vice-presidente e analista s\u00eanior da Moody\u2019s para ratings soberanos, Samar Maziad. Para ele, o adiamento fortalece as preocupa\u00e7\u00f5es sobre a capacidade do governo para cumprir o teto de gastos e apontar uma solu\u00e7\u00e3o para os problemas fiscais do pa\u00eds.<\/p>\n<p>&nbsp;<\/p>\n<p>Todo esse imbr\u00f3glio pode se agravar caso o cen\u00e1rio internacional, atualmente benigno para a economia brasileira, piore. Essa perspectiva foi aventada pelo presidente BC no \u00faltimo encontro com jornalistas. De acordo com ele, em algum momento, esse processo ser\u00e1 interrompido e pode trazer ainda volatilidade para a pa\u00eds. \u201cO cen\u00e1rio internacional encontra-se benigno, mas \u00e9 prudente n\u00e3o considerar que essa situa\u00e7\u00e3o vai se perpetuar. Algo que n\u00e3o est\u00e1 no nosso controle n\u00e3o devemos tomar como dado. O que significa que os ajustes e reformas, em particular a reforma da Previd\u00eancia, s\u00e3o fundamentais para o equil\u00edbrio da economia. Significa que essa infla\u00e7\u00e3o baixa se sustenta. Que essa taxa de juros se sustenta\u201d, destacou Ilan.<\/p>\n<p>&nbsp;<\/p>\n<p><em>Bras\u00edlia, 06h06min<\/em><\/p>\n","protected":false},"excerpt":{"rendered":"<p>Nas contas da Secretaria de Pol\u00edtica Econ\u00f4mica, do Minist\u00e9rio da Fazenda, os juros altos tiraram 0,8% do Produto Interno Bruto (PIB) do pa\u00eds em 2017. A Selic come\u00e7ou o ano 13,75%, mesmo depois de o Banco Central (BC) ter iniciado o ciclo de redu\u00e7\u00e3o em outubro do ano passado. A estimativa de perda divulgada ontem [&hellip;]<\/p>\n","protected":false},"author":22,"featured_media":0,"comment_status":"open","ping_status":"closed","sticky":false,"template":"","format":"standard","meta":{"footnotes":""},"categories":[600],"tags":[],"class_list":["post-6732","post","type-post","status-publish","format-standard","hentry","category-economia"],"_links":{"self":[{"href":"https:\/\/blogs.correiobraziliense.com.br\/vicente\/wp-json\/wp\/v2\/posts\/6732","targetHints":{"allow":["GET"]}}],"collection":[{"href":"https:\/\/blogs.correiobraziliense.com.br\/vicente\/wp-json\/wp\/v2\/posts"}],"about":[{"href":"https:\/\/blogs.correiobraziliense.com.br\/vicente\/wp-json\/wp\/v2\/types\/post"}],"author":[{"embeddable":true,"href":"https:\/\/blogs.correiobraziliense.com.br\/vicente\/wp-json\/wp\/v2\/users\/22"}],"replies":[{"embeddable":true,"href":"https:\/\/blogs.correiobraziliense.com.br\/vicente\/wp-json\/wp\/v2\/comments?post=6732"}],"version-history":[{"count":1,"href":"https:\/\/blogs.correiobraziliense.com.br\/vicente\/wp-json\/wp\/v2\/posts\/6732\/revisions"}],"predecessor-version":[{"id":6733,"href":"https:\/\/blogs.correiobraziliense.com.br\/vicente\/wp-json\/wp\/v2\/posts\/6732\/revisions\/6733"}],"wp:attachment":[{"href":"https:\/\/blogs.correiobraziliense.com.br\/vicente\/wp-json\/wp\/v2\/media?parent=6732"}],"wp:term":[{"taxonomy":"category","embeddable":true,"href":"https:\/\/blogs.correiobraziliense.com.br\/vicente\/wp-json\/wp\/v2\/categories?post=6732"},{"taxonomy":"post_tag","embeddable":true,"href":"https:\/\/blogs.correiobraziliense.com.br\/vicente\/wp-json\/wp\/v2\/tags?post=6732"}],"curies":[{"name":"wp","href":"https:\/\/api.w.org\/{rel}","templated":true}]}}