{"id":6730,"date":"2017-12-14T15:04:41","date_gmt":"2017-12-14T17:04:41","guid":{"rendered":"https:\/\/blogs.correiobraziliense.com.br\/vicente\/?p=6730"},"modified":"2017-12-14T15:04:41","modified_gmt":"2017-12-14T17:04:41","slug":"politica-monetaria-tirou-08-do-crescimento-em-2017","status":"publish","type":"post","link":"https:\/\/blogs.correiobraziliense.com.br\/vicente\/politica-monetaria-tirou-08-do-crescimento-em-2017\/","title":{"rendered":"Pol\u00edtica monet\u00e1ria tirou 0,8% do crescimento em 2017, estima Fazenda"},"content":{"rendered":"<p>ANTONIO TEM\u00d3TEO<\/p>\n<p>&nbsp;<\/p>\n<p>Nas contas da Secretaria de Pol\u00edtica Econ\u00f4mica do Minist\u00e9rio da Fazenda, a pol\u00edtica monet\u00e1ria executada pelo presidente do Banco Central (BC), Ilan Goldfajn, tirou 0,8% do Produto Interno Bruto (PIB) do pa\u00eds em 2017.<\/p>\n<p>&nbsp;<\/p>\n<p>A estimativa faz parte da grade de par\u00e2metros macroecon\u00f4micos divulgados pelo secret\u00e1rio de Pol\u00edtica Econ\u00f4mica, F\u00e1bio Kanczuk, e pelo ministro da Fazenda, Henrique Meirelles. Conforme ele, a economia crescer\u00e1 1,1% em 2017 e 3% no pr\u00f3ximo ano.<\/p>\n<p>&nbsp;<\/p>\n<p>Kanczuk ainda detalhou que 1% do crescimento ser\u00e1 impulsionado pela pol\u00edtica monet\u00e1ria, que segundo o presidente do BC, est\u00e1 em terreno estimulativo. Na pr\u00e1tica, eles afirmaram que os juros baixos tendem a favorecer a retomada da atividade.<\/p>\n<p>&nbsp;<\/p>\n<p>Entretanto, as idas e vindas com rela\u00e7\u00e3o a vota\u00e7\u00e3o da reforma da Previd\u00eancia podem afetar essas estimativas. A autoridade monet\u00e1ria pode ser obrigada a subir os juros diante da volatilidade esperada para o pr\u00f3ximo ano.<\/p>\n","protected":false},"excerpt":{"rendered":"<p>ANTONIO TEM\u00d3TEO &nbsp; Nas contas da Secretaria de Pol\u00edtica Econ\u00f4mica do Minist\u00e9rio da Fazenda, a pol\u00edtica monet\u00e1ria executada pelo presidente do Banco Central (BC), Ilan Goldfajn, tirou 0,8% do Produto Interno Bruto (PIB) do pa\u00eds em 2017. &nbsp; A estimativa faz parte da grade de par\u00e2metros macroecon\u00f4micos divulgados pelo secret\u00e1rio de Pol\u00edtica Econ\u00f4mica, F\u00e1bio Kanczuk, [&hellip;]<\/p>\n","protected":false},"author":22,"featured_media":0,"comment_status":"open","ping_status":"closed","sticky":false,"template":"","format":"standard","meta":{"footnotes":""},"categories":[600],"tags":[113,1432,21,107,4,19,58,2971,2970,34],"class_list":["post-6730","post","type-post","status-publish","format-standard","hentry","category-economia","tag-crescimento","tag-fabio-kanczuk","tag-henrique-meirelles","tag-ilan-goldfajn","tag-juros","tag-ministerio-da-fazenda","tag-pib","tag-politica-monetaria","tag-secretaria-de-politica-economica","tag-selic"],"_links":{"self":[{"href":"https:\/\/blogs.correiobraziliense.com.br\/vicente\/wp-json\/wp\/v2\/posts\/6730","targetHints":{"allow":["GET"]}}],"collection":[{"href":"https:\/\/blogs.correiobraziliense.com.br\/vicente\/wp-json\/wp\/v2\/posts"}],"about":[{"href":"https:\/\/blogs.correiobraziliense.com.br\/vicente\/wp-json\/wp\/v2\/types\/post"}],"author":[{"embeddable":true,"href":"https:\/\/blogs.correiobraziliense.com.br\/vicente\/wp-json\/wp\/v2\/users\/22"}],"replies":[{"embeddable":true,"href":"https:\/\/blogs.correiobraziliense.com.br\/vicente\/wp-json\/wp\/v2\/comments?post=6730"}],"version-history":[{"count":1,"href":"https:\/\/blogs.correiobraziliense.com.br\/vicente\/wp-json\/wp\/v2\/posts\/6730\/revisions"}],"predecessor-version":[{"id":6731,"href":"https:\/\/blogs.correiobraziliense.com.br\/vicente\/wp-json\/wp\/v2\/posts\/6730\/revisions\/6731"}],"wp:attachment":[{"href":"https:\/\/blogs.correiobraziliense.com.br\/vicente\/wp-json\/wp\/v2\/media?parent=6730"}],"wp:term":[{"taxonomy":"category","embeddable":true,"href":"https:\/\/blogs.correiobraziliense.com.br\/vicente\/wp-json\/wp\/v2\/categories?post=6730"},{"taxonomy":"post_tag","embeddable":true,"href":"https:\/\/blogs.correiobraziliense.com.br\/vicente\/wp-json\/wp\/v2\/tags?post=6730"}],"curies":[{"name":"wp","href":"https:\/\/api.w.org\/{rel}","templated":true}]}}