{"id":6727,"date":"2017-12-13T20:31:56","date_gmt":"2017-12-13T22:31:56","guid":{"rendered":"https:\/\/blogs.correiobraziliense.com.br\/vicente\/?p=6727"},"modified":"2017-12-13T21:06:32","modified_gmt":"2017-12-13T23:06:32","slug":"temer-adiou-ida-consulta-medica-por-um-dia-para-garantir-previdencia","status":"publish","type":"post","link":"https:\/\/blogs.correiobraziliense.com.br\/vicente\/temer-adiou-ida-consulta-medica-por-um-dia-para-garantir-previdencia\/","title":{"rendered":"Temer adiou ida \u00e0 consulta m\u00e9dica por um dia para garantir Previd\u00eancia"},"content":{"rendered":"<p>Na tentativa de conquistar os 308 votos necess\u00e1rios para garantir a vota\u00e7\u00e3o da reforma da Previd\u00eancia na semana que vem, o presidente Michel Temer adiou por um dia a ida a S\u00e3o Paulo para tratar da sa\u00fade.<\/p>\n<p>&nbsp;<\/p>\n<p>Apesar da press\u00e3o de pessoas pr\u00f3ximas para que n\u00e3o abrisse m\u00e3o dos cuidados com a sa\u00fade, Temer insistiu que deveria permanecer em Bras\u00edlia por mais um dia para convencer aliados a darem apoio \u00e0s mudan\u00e7as no regime previdenci\u00e1rio.<\/p>\n<p>&nbsp;<\/p>\n<p>Pelo visto, n\u00e3o teve sucesso. Logo depois que desembarcou em S\u00e3o Paulo nesta quarta-feira, 13, viu o l\u00edder do governo no Senado, Romero Juc\u00e1, seu amigo de primeira hora, anunciar que a vota\u00e7\u00e3o da reforma ficar\u00e1 para 2018.<\/p>\n<p>&nbsp;<\/p>\n<p>A rea\u00e7\u00e3o contr\u00e1rio foi t\u00e3o forte, que Temer foi obrigado a negar a declara\u00e7\u00e3o de Juc\u00e1 e dizer que \u00e9 ele quem decidir\u00e1, nesta quinta-feira, 14, qual ser\u00e1 o rumo da reforma.<\/p>\n<p>&nbsp;<\/p>\n<p><em>Bras\u00edlia, 20h31min<\/em><\/p>\n","protected":false},"excerpt":{"rendered":"<p>Na tentativa de conquistar os 308 votos necess\u00e1rios para garantir a vota\u00e7\u00e3o da reforma da Previd\u00eancia na semana que vem, o presidente Michel Temer adiou por um dia a ida a S\u00e3o Paulo para tratar da sa\u00fade. &nbsp; Apesar da press\u00e3o de pessoas pr\u00f3ximas para que n\u00e3o abrisse m\u00e3o dos cuidados com a sa\u00fade, Temer [&hellip;]<\/p>\n","protected":false},"author":22,"featured_media":0,"comment_status":"open","ping_status":"closed","sticky":false,"template":"","format":"standard","meta":{"footnotes":""},"categories":[600],"tags":[],"class_list":["post-6727","post","type-post","status-publish","format-standard","hentry","category-economia"],"_links":{"self":[{"href":"https:\/\/blogs.correiobraziliense.com.br\/vicente\/wp-json\/wp\/v2\/posts\/6727","targetHints":{"allow":["GET"]}}],"collection":[{"href":"https:\/\/blogs.correiobraziliense.com.br\/vicente\/wp-json\/wp\/v2\/posts"}],"about":[{"href":"https:\/\/blogs.correiobraziliense.com.br\/vicente\/wp-json\/wp\/v2\/types\/post"}],"author":[{"embeddable":true,"href":"https:\/\/blogs.correiobraziliense.com.br\/vicente\/wp-json\/wp\/v2\/users\/22"}],"replies":[{"embeddable":true,"href":"https:\/\/blogs.correiobraziliense.com.br\/vicente\/wp-json\/wp\/v2\/comments?post=6727"}],"version-history":[{"count":1,"href":"https:\/\/blogs.correiobraziliense.com.br\/vicente\/wp-json\/wp\/v2\/posts\/6727\/revisions"}],"predecessor-version":[{"id":6728,"href":"https:\/\/blogs.correiobraziliense.com.br\/vicente\/wp-json\/wp\/v2\/posts\/6727\/revisions\/6728"}],"wp:attachment":[{"href":"https:\/\/blogs.correiobraziliense.com.br\/vicente\/wp-json\/wp\/v2\/media?parent=6727"}],"wp:term":[{"taxonomy":"category","embeddable":true,"href":"https:\/\/blogs.correiobraziliense.com.br\/vicente\/wp-json\/wp\/v2\/categories?post=6727"},{"taxonomy":"post_tag","embeddable":true,"href":"https:\/\/blogs.correiobraziliense.com.br\/vicente\/wp-json\/wp\/v2\/tags?post=6727"}],"curies":[{"name":"wp","href":"https:\/\/api.w.org\/{rel}","templated":true}]}}