{"id":6723,"date":"2017-12-13T19:05:06","date_gmt":"2017-12-13T21:05:06","guid":{"rendered":"https:\/\/blogs.correiobraziliense.com.br\/vicente\/?p=6723"},"modified":"2017-12-13T19:41:01","modified_gmt":"2017-12-13T21:41:01","slug":"governo-tem-entre-230-e-260-votos-para-aprovar-previdencia","status":"publish","type":"post","link":"https:\/\/blogs.correiobraziliense.com.br\/vicente\/governo-tem-entre-230-e-260-votos-para-aprovar-previdencia\/","title":{"rendered":"Governo tem entre 230 e 260 votos para aprovar a Previd\u00eancia"},"content":{"rendered":"<p>N\u00e3o foi por acaso que o senador Romero Juc\u00e1, l\u00edder do governo no Senado, anunciou nesta quarta-feira, 13, que a vota\u00e7\u00e3o da reforma da Previd\u00eancia ficar\u00e1 para 2108.<\/p>\n<p>&nbsp;<\/p>\n<p>Pelos dados de posse do ministro da Casa Civil, Eliseu Padilha, ainda na manh\u00e3 desta quarta, o governo s\u00f3 contava com 260 votos dos 308 necess\u00e1rios para aprovar a reforma na C\u00e2mara.<\/p>\n<p>&nbsp;<\/p>\n<p>Na hora do almo\u00e7o, o deputado Darc\u00edsio Perondi, vice-l\u00edder do governo, afirmava, ao Planalto, que os votos favor\u00e1veis \u00e0s mudan\u00e7as no regime de aposentadorias n\u00e3o passavam de 237.<\/p>\n<p>&nbsp;<\/p>\n<p>As declara\u00e7\u00f5es de Juc\u00e1 causaram como\u00e7\u00e3o, mas quem acompanha o dia a dia do Planalto garante que seria muito dif\u00edcil para o governo encarar a vota\u00e7\u00e3o da reforma na pr\u00f3xima semana. A derrota seria retumbante.<\/p>\n<p>&nbsp;<\/p>\n<p><em>Bras\u00edlia, 19h05min<\/em><\/p>\n","protected":false},"excerpt":{"rendered":"<p>N\u00e3o foi por acaso que o senador Romero Juc\u00e1, l\u00edder do governo no Senado, anunciou nesta quarta-feira, 13, que a vota\u00e7\u00e3o da reforma da Previd\u00eancia ficar\u00e1 para 2108. &nbsp; Pelos dados de posse do ministro da Casa Civil, Eliseu Padilha, ainda na manh\u00e3 desta quarta, o governo s\u00f3 contava com 260 votos dos 308 necess\u00e1rios [&hellip;]<\/p>\n","protected":false},"author":22,"featured_media":0,"comment_status":"open","ping_status":"closed","sticky":false,"template":"","format":"standard","meta":{"footnotes":""},"categories":[600],"tags":[],"class_list":["post-6723","post","type-post","status-publish","format-standard","hentry","category-economia"],"_links":{"self":[{"href":"https:\/\/blogs.correiobraziliense.com.br\/vicente\/wp-json\/wp\/v2\/posts\/6723","targetHints":{"allow":["GET"]}}],"collection":[{"href":"https:\/\/blogs.correiobraziliense.com.br\/vicente\/wp-json\/wp\/v2\/posts"}],"about":[{"href":"https:\/\/blogs.correiobraziliense.com.br\/vicente\/wp-json\/wp\/v2\/types\/post"}],"author":[{"embeddable":true,"href":"https:\/\/blogs.correiobraziliense.com.br\/vicente\/wp-json\/wp\/v2\/users\/22"}],"replies":[{"embeddable":true,"href":"https:\/\/blogs.correiobraziliense.com.br\/vicente\/wp-json\/wp\/v2\/comments?post=6723"}],"version-history":[{"count":3,"href":"https:\/\/blogs.correiobraziliense.com.br\/vicente\/wp-json\/wp\/v2\/posts\/6723\/revisions"}],"predecessor-version":[{"id":6726,"href":"https:\/\/blogs.correiobraziliense.com.br\/vicente\/wp-json\/wp\/v2\/posts\/6723\/revisions\/6726"}],"wp:attachment":[{"href":"https:\/\/blogs.correiobraziliense.com.br\/vicente\/wp-json\/wp\/v2\/media?parent=6723"}],"wp:term":[{"taxonomy":"category","embeddable":true,"href":"https:\/\/blogs.correiobraziliense.com.br\/vicente\/wp-json\/wp\/v2\/categories?post=6723"},{"taxonomy":"post_tag","embeddable":true,"href":"https:\/\/blogs.correiobraziliense.com.br\/vicente\/wp-json\/wp\/v2\/tags?post=6723"}],"curies":[{"name":"wp","href":"https:\/\/api.w.org\/{rel}","templated":true}]}}