{"id":6693,"date":"2017-12-12T06:56:41","date_gmt":"2017-12-12T08:56:41","guid":{"rendered":"https:\/\/blogs.correiobraziliense.com.br\/vicente\/?p=6693"},"modified":"2017-12-12T16:09:34","modified_gmt":"2017-12-12T18:09:34","slug":"correio-economico-o-governo-esta-com-toalha-nas-maos","status":"publish","type":"post","link":"https:\/\/blogs.correiobraziliense.com.br\/vicente\/correio-economico-o-governo-esta-com-toalha-nas-maos\/","title":{"rendered":"Correio Econ\u00f4mico: O governo est\u00e1 com a toalha nas m\u00e3os"},"content":{"rendered":"<h2>O ministro do Planejamento, Dyogo Oliveira, garante que o governo ainda n\u00e3o jogou a toalha em rela\u00e7\u00e3o \u00e0 vota\u00e7\u00e3o da reforma da Previd\u00eancia na pr\u00f3xima semana, a \u00faltima de funcionamento do Congresso no ano. Mas todos no entorno do presidente Michel Temer admitem que as chances de vit\u00f3ria est\u00e3o cada vez menores. Para que o Pal\u00e1cio do Planalto consiga aglutinar os 308 votos necess\u00e1rios \u00e0s mudan\u00e7as no regime previdenci\u00e1rio, ser\u00e1 importante uma virada avassaladora na disposi\u00e7\u00e3o dos deputados em dar aval \u00e0 reforma. N\u00e3o h\u00e1 o menor sinal nesse sentido.<\/h2>\n<p>&nbsp;<\/p>\n<p>\u00c9 verdade que o governo conseguiu encontrar o discurso certo para convencer o Legislativo sobre a import\u00e2ncia da reforma. Ao ressaltar que o objeto principal \u00e9 acabar com os privil\u00e9gios dos que ganham muito e se aposentam cedo, como os servidores p\u00fablicos, o Planalto quebrou muitas resist\u00eancias. O problema foi que essa rea\u00e7\u00e3o veio tarde demais, \u00e0s v\u00e9speras de o Congresso fechar as portas para o recesso de fim de ano. Vimos, ao longo do tempo, um governo acuado por den\u00fancias e com um discurso temeroso na hora de enfrentar a oposi\u00e7\u00e3o que havia se consolidado contra a reforma.<\/p>\n<p>&nbsp;<\/p>\n<p>Quem acompanha o dia a dia do Congresso percebe, claramente, a falta de consenso e, sobretudo, de mobiliza\u00e7\u00e3o entre os parlamentares. Para aliados do governo, se a equipe econ\u00f4mica n\u00e3o tivesse criado tanta dificuldade para enxugar o projeto de reforma e fizesse esclarecimentos mais contundentes das propostas, certamente os votos decisivos \u00e0s mudan\u00e7as no sistema de aposentarias j\u00e1 estariam nas m\u00e3os de Temer. Agora, reconhece um integrante do Planalto, \u00e9 insistir at\u00e9 o final. E preparar o discurso de que, se a vota\u00e7\u00e3o n\u00e3o ocorrer neste ano, ainda d\u00e1 tempo de fazer a reforma em 2018.<\/p>\n<p>&nbsp;<\/p>\n<p><strong>M\u00e3o de via \u00fanica<\/strong><\/p>\n<p>&nbsp;<\/p>\n<p>Pelos corredores do Planalto, as maiores queixas s\u00e3o contra o PP e o PSD, que levaram tudo o que pediram e ainda n\u00e3o fecharam quest\u00e3o em torno da reforma da Previd\u00eancia. Com a promessa de apoio, o PP levou recentemente o comando do Minist\u00e9rio das Cidades. O deputado Alexandre Baldy foi tirado do ostracismo para comandar uma pasta poderosa, que toca obras com grande visibilidade. Contudo, parte dos 46 deputados do partido se mostra relutante a dar os votos que Temer tanto precisa. No PSD, dos ministros Henrique Meirelles (Fazenda) e Gilberto Kassab (Comunica\u00e7\u00f5es), na melhor das hip\u00f3teses, 22 dos 37 parlamentares dizem sim \u00e0 reforma.<\/p>\n<p>&nbsp;<\/p>\n<p>\u201cC\u00e1 para n\u00f3s, o governo deveria pegar mais pesado com os partidos da base, em especial com aqueles que t\u00eam ministros. \u00c9 inadmiss\u00edvel que eles n\u00e3o tenham ascend\u00eancia sobre seus partidos\u201d, afirma um auxiliar do presidente. Para ele, na altura em que as negocia\u00e7\u00f5es est\u00e3o, n\u00e3o h\u00e1 como o Planalto endurecer o discurso. \u201cAgora, s\u00f3 nos resta amaciar os egos e conseguir o compromisso de vota\u00e7\u00e3o da reforma. Esse \u00e9 o nosso objetivo principal neste momento. Se vamos conseguir, n\u00e3o sei\u201d, acrescenta. O assessor de Temer afirma ainda que o pr\u00f3ximo fim de semana ser\u00e1 decisivo. O governo ter\u00e1 em m\u00e3os levantamento com dados suficientes para definir se leva ou n\u00e3o a vota\u00e7\u00e3o ao plen\u00e1rio da C\u00e2mara.<\/p>\n<p>&nbsp;<\/p>\n<p><strong>Tens\u00e3o nas alturas<\/strong><\/p>\n<p>&nbsp;<\/p>\n<p>As dificuldades de Temer para conseguir apoio \u00e0 reforma elevaram o n\u00edvel de tens\u00e3o entre os investidores, principalmente porque muitos contam com a infla\u00e7\u00e3o baixa e os juros nos menores n\u00edveis da hist\u00f3ria para que a retomada da atividade n\u00e3o se transforme em frustra\u00e7\u00e3o. A curto prazo, reconhecem que esse risco n\u00e3o existe, mas, certamente, sem as mudan\u00e7as no regime de aposentadorias, mais \u00e0 frente, o Banco Central ter\u00e1 que elevar a taxa b\u00e1sica (Selic) para evitar que a infla\u00e7\u00e3o se desloque das metas. Muitos se questionam qual ser\u00e1 a velocidade dessa alta e at\u00e9 aonde ir\u00e3o os juros.<\/p>\n<p>&nbsp;<\/p>\n<p>N\u00e3o por acaso, os investidores v\u00e3o ler com lupa a ata do Comit\u00ea de Pol\u00edtica Monet\u00e1ria (Copom), que ser\u00e1 divulgada nesta ter\u00e7a-feira. Querem ter a certeza de que o BC ratificar\u00e1 o comunicado divulgado na semana passada, depois da reuni\u00e3o na qual a Selic baixou para 7% ao ano. No documento, o BC deixou aberta a possibilidade de dar pelo menos mais um corte na taxa b\u00e1sica, de 0,25 ponto percentual, mesmo que a reforma n\u00e3o seja aprovada. Parte do mercado fala em queda adicional de 0,25 ponto em mar\u00e7o, com os juros ficando em 6,50% por algum per\u00edodo.<\/p>\n<p>&nbsp;<\/p>\n<p>Na avalia\u00e7\u00e3o de Rafael Cardoso, economista da Daycoval Investimentos, do ponto de vista inflacion\u00e1rio, n\u00e3o h\u00e1 com o que se preocupar. Qualquer que seja o indicador analisado, tudo aponta para resultados bem abaixo de 4,5% no ano que vem. Sendo assim, ele acredita que os juros poder\u00e3o, sim, chegar aos 6,50% em mar\u00e7o pr\u00f3ximo. \u201cNo balan\u00e7o de riscos, a situa\u00e7\u00e3o pesa para o lado benigno. E n\u00e3o se pode esquecer que o pr\u00f3prio BC destacou, em seus documentos, que, a curto prazo, a reforma da Previd\u00eancia tem efeito neutro sobre suas decis\u00f5es de pol\u00edtica monet\u00e1ria\u201d, frisa.<\/p>\n<p>&nbsp;<\/p>\n<p><em>Bras\u00edlia, 06h56min<\/em><\/p>\n","protected":false},"excerpt":{"rendered":"<p>O ministro do Planejamento, Dyogo Oliveira, garante que o governo ainda n\u00e3o jogou a toalha em rela\u00e7\u00e3o \u00e0 vota\u00e7\u00e3o da reforma da Previd\u00eancia na pr\u00f3xima semana, a \u00faltima de funcionamento do Congresso no ano. Mas todos no entorno do presidente Michel Temer admitem que as chances de vit\u00f3ria est\u00e3o cada vez menores. Para que o [&hellip;]<\/p>\n","protected":false},"author":22,"featured_media":0,"comment_status":"open","ping_status":"closed","sticky":false,"template":"","format":"standard","meta":{"footnotes":""},"categories":[600],"tags":[489,1077,111,525,2965,429,646,614],"class_list":["post-6693","post","type-post","status-publish","format-standard","hentry","category-economia","tag-489","tag-adiamento","tag-michel-temer","tag-pp","tag-pr","tag-previdencia","tag-psd","tag-reforma"],"_links":{"self":[{"href":"https:\/\/blogs.correiobraziliense.com.br\/vicente\/wp-json\/wp\/v2\/posts\/6693","targetHints":{"allow":["GET"]}}],"collection":[{"href":"https:\/\/blogs.correiobraziliense.com.br\/vicente\/wp-json\/wp\/v2\/posts"}],"about":[{"href":"https:\/\/blogs.correiobraziliense.com.br\/vicente\/wp-json\/wp\/v2\/types\/post"}],"author":[{"embeddable":true,"href":"https:\/\/blogs.correiobraziliense.com.br\/vicente\/wp-json\/wp\/v2\/users\/22"}],"replies":[{"embeddable":true,"href":"https:\/\/blogs.correiobraziliense.com.br\/vicente\/wp-json\/wp\/v2\/comments?post=6693"}],"version-history":[{"count":1,"href":"https:\/\/blogs.correiobraziliense.com.br\/vicente\/wp-json\/wp\/v2\/posts\/6693\/revisions"}],"predecessor-version":[{"id":6694,"href":"https:\/\/blogs.correiobraziliense.com.br\/vicente\/wp-json\/wp\/v2\/posts\/6693\/revisions\/6694"}],"wp:attachment":[{"href":"https:\/\/blogs.correiobraziliense.com.br\/vicente\/wp-json\/wp\/v2\/media?parent=6693"}],"wp:term":[{"taxonomy":"category","embeddable":true,"href":"https:\/\/blogs.correiobraziliense.com.br\/vicente\/wp-json\/wp\/v2\/categories?post=6693"},{"taxonomy":"post_tag","embeddable":true,"href":"https:\/\/blogs.correiobraziliense.com.br\/vicente\/wp-json\/wp\/v2\/tags?post=6693"}],"curies":[{"name":"wp","href":"https:\/\/api.w.org\/{rel}","templated":true}]}}