{"id":6691,"date":"2017-12-12T08:57:01","date_gmt":"2017-12-12T10:57:01","guid":{"rendered":"https:\/\/blogs.correiobraziliense.com.br\/vicente\/?p=6691"},"modified":"2017-12-12T08:57:01","modified_gmt":"2017-12-12T10:57:01","slug":"nova-queda-de-juros-depende-de-avanco-de-reformas-diz-bc","status":"publish","type":"post","link":"https:\/\/blogs.correiobraziliense.com.br\/vicente\/nova-queda-de-juros-depende-de-avanco-de-reformas-diz-bc\/","title":{"rendered":"Nova queda de juros depende de avan\u00e7o de reformas, diz BC"},"content":{"rendered":"<div class=\"page\" title=\"Page 5\">\n<div class=\"layoutArea\">\n<div class=\"column\">\n<p>POR ANTONIO TEM\u00d3TEO<\/p>\n<\/div>\n<\/div>\n<\/div>\n<p>&nbsp;<\/p>\n<p>A ata da \u00faltima reuni\u00e3o do Comit\u00ea de Pol\u00edtica Monet\u00e1ria (Copom) refor\u00e7ou as apostas de que uma eventual queda de juros na pr\u00f3xima reuni\u00e3o do colegiado, marcada para 6 e 7 de fevereiro, depende do avan\u00e7o da reforma da Previd\u00eancia.<\/p>\n<p>&nbsp;<\/p>\n<div class=\"page\" title=\"Page 5\">\n<div class=\"layoutArea\">\n<p>O documento publicado pelo BC detalhou que o poss\u00edvel corte de 0,25 ponto percentual est\u00e1 condicionado ao avan\u00e7o na aprova\u00e7\u00e3o das reformas e de ajustes na economia brasileira. Conforme a autoridade monet\u00e1ri,a essas medidas s\u00e3o s\u00e3o fundamentais para a sustentabilidade do ambiente com infla\u00e7\u00e3o baixa e est\u00e1vel.<\/p>\n<p>&nbsp;<\/p>\n<p>Al\u00e9m disso, a equipe de Ilan Goldfajn sinalizou que a mudan\u00e7a nas regras para concess\u00e3o de benef\u00edcios do Instituto Nacional do Seguro Social (INSS) \u00e9 fundamental para o funcionamento pleno da pol\u00edtica monet\u00e1ria e para a redu\u00e7\u00e3o da taxa de juros estrutural da economia.<\/p>\n<\/div>\n<\/div>\n","protected":false},"excerpt":{"rendered":"<p>POR ANTONIO TEM\u00d3TEO &nbsp; A ata da \u00faltima reuni\u00e3o do Comit\u00ea de Pol\u00edtica Monet\u00e1ria (Copom) refor\u00e7ou as apostas de que uma eventual queda de juros na pr\u00f3xima reuni\u00e3o do colegiado, marcada para 6 e 7 de fevereiro, depende do avan\u00e7o da reforma da Previd\u00eancia. &nbsp; O documento publicado pelo BC detalhou que o poss\u00edvel corte [&hellip;]<\/p>\n","protected":false},"author":22,"featured_media":0,"comment_status":"open","ping_status":"closed","sticky":false,"template":"","format":"standard","meta":{"footnotes":""},"categories":[600],"tags":[2721,106,99,107,14,4,34],"class_list":["post-6691","post","type-post","status-publish","format-standard","hentry","category-economia","tag-ata-do-copom","tag-bc","tag-copom","tag-ilan-goldfajn","tag-inflacao","tag-juros","tag-selic"],"_links":{"self":[{"href":"https:\/\/blogs.correiobraziliense.com.br\/vicente\/wp-json\/wp\/v2\/posts\/6691","targetHints":{"allow":["GET"]}}],"collection":[{"href":"https:\/\/blogs.correiobraziliense.com.br\/vicente\/wp-json\/wp\/v2\/posts"}],"about":[{"href":"https:\/\/blogs.correiobraziliense.com.br\/vicente\/wp-json\/wp\/v2\/types\/post"}],"author":[{"embeddable":true,"href":"https:\/\/blogs.correiobraziliense.com.br\/vicente\/wp-json\/wp\/v2\/users\/22"}],"replies":[{"embeddable":true,"href":"https:\/\/blogs.correiobraziliense.com.br\/vicente\/wp-json\/wp\/v2\/comments?post=6691"}],"version-history":[{"count":1,"href":"https:\/\/blogs.correiobraziliense.com.br\/vicente\/wp-json\/wp\/v2\/posts\/6691\/revisions"}],"predecessor-version":[{"id":6692,"href":"https:\/\/blogs.correiobraziliense.com.br\/vicente\/wp-json\/wp\/v2\/posts\/6691\/revisions\/6692"}],"wp:attachment":[{"href":"https:\/\/blogs.correiobraziliense.com.br\/vicente\/wp-json\/wp\/v2\/media?parent=6691"}],"wp:term":[{"taxonomy":"category","embeddable":true,"href":"https:\/\/blogs.correiobraziliense.com.br\/vicente\/wp-json\/wp\/v2\/categories?post=6691"},{"taxonomy":"post_tag","embeddable":true,"href":"https:\/\/blogs.correiobraziliense.com.br\/vicente\/wp-json\/wp\/v2\/tags?post=6691"}],"curies":[{"name":"wp","href":"https:\/\/api.w.org\/{rel}","templated":true}]}}