{"id":6685,"date":"2017-12-11T18:40:20","date_gmt":"2017-12-11T20:40:20","guid":{"rendered":"https:\/\/blogs.correiobraziliense.com.br\/vicente\/?p=6685"},"modified":"2017-12-11T18:40:20","modified_gmt":"2017-12-11T20:40:20","slug":"apos-tres-pregoes-de-alta-do-dolar-bc-anuncia-leilao-de-linha","status":"publish","type":"post","link":"https:\/\/blogs.correiobraziliense.com.br\/vicente\/apos-tres-pregoes-de-alta-do-dolar-bc-anuncia-leilao-de-linha\/","title":{"rendered":"Ap\u00f3s tr\u00eas altas no pre\u00e7o do d\u00f3lar, BC anuncia leil\u00e3o de linha"},"content":{"rendered":"<p>ANTONIO TEM\u00d3TEO<\/p>\n<p>&nbsp;<\/p>\n<p>Ap\u00f3s o pre\u00e7o do d\u00f3lar encarecer pelo terceiro dia consecutivo, o Banco Central (BC) anunciou que far\u00e1 um leil\u00e3o de linha, com compromisso de recompra, de US$ 2 bilh\u00f5es. O custo da divisa estrangeira terminou o dia em lata de 0,09%, negociado a R$ 3,298.<\/p>\n<p>&nbsp;<\/p>\n<p>Al\u00e9m disso, a autoridade monet\u00e1ria realizar\u00e1 a rolagem de 14 mil contratos de swap tradicional, que equivalem a venda futura de US$ 700 milh\u00f5es. A interven\u00e7\u00e3o \u00e9 semelhante a realizada na semana passada, quando houve alta no pre\u00e7o da divisa estrangeira.<\/p>\n<p>&nbsp;<\/p>\n<p>A decis\u00e3o evitar\u00e1 ru\u00eddos do mercado e dos banqueiros, j\u00e1 que amanh\u00e3, o presidente do BC, Alan Goldfajn, e sua equipe participaram do tradicional almo\u00e7o de fim de ano realizado pela Federa\u00e7\u00e3o Brasileira de Bancos (Febraban).<\/p>\n","protected":false},"excerpt":{"rendered":"<p>ANTONIO TEM\u00d3TEO &nbsp; Ap\u00f3s o pre\u00e7o do d\u00f3lar encarecer pelo terceiro dia consecutivo, o Banco Central (BC) anunciou que far\u00e1 um leil\u00e3o de linha, com compromisso de recompra, de US$ 2 bilh\u00f5es. O custo da divisa estrangeira terminou o dia em lata de 0,09%, negociado a R$ 3,298. &nbsp; Al\u00e9m disso, a autoridade monet\u00e1ria realizar\u00e1 [&hellip;]<\/p>\n","protected":false},"author":22,"featured_media":0,"comment_status":"open","ping_status":"closed","sticky":false,"template":"","format":"standard","meta":{"footnotes":""},"categories":[600],"tags":[106,343,81,710,342,1476],"class_list":["post-6685","post","type-post","status-publish","format-standard","hentry","category-economia","tag-bc","tag-dolar","tag-febraban","tag-intervencao","tag-leilao-de-linha","tag-swap"],"_links":{"self":[{"href":"https:\/\/blogs.correiobraziliense.com.br\/vicente\/wp-json\/wp\/v2\/posts\/6685","targetHints":{"allow":["GET"]}}],"collection":[{"href":"https:\/\/blogs.correiobraziliense.com.br\/vicente\/wp-json\/wp\/v2\/posts"}],"about":[{"href":"https:\/\/blogs.correiobraziliense.com.br\/vicente\/wp-json\/wp\/v2\/types\/post"}],"author":[{"embeddable":true,"href":"https:\/\/blogs.correiobraziliense.com.br\/vicente\/wp-json\/wp\/v2\/users\/22"}],"replies":[{"embeddable":true,"href":"https:\/\/blogs.correiobraziliense.com.br\/vicente\/wp-json\/wp\/v2\/comments?post=6685"}],"version-history":[{"count":1,"href":"https:\/\/blogs.correiobraziliense.com.br\/vicente\/wp-json\/wp\/v2\/posts\/6685\/revisions"}],"predecessor-version":[{"id":6686,"href":"https:\/\/blogs.correiobraziliense.com.br\/vicente\/wp-json\/wp\/v2\/posts\/6685\/revisions\/6686"}],"wp:attachment":[{"href":"https:\/\/blogs.correiobraziliense.com.br\/vicente\/wp-json\/wp\/v2\/media?parent=6685"}],"wp:term":[{"taxonomy":"category","embeddable":true,"href":"https:\/\/blogs.correiobraziliense.com.br\/vicente\/wp-json\/wp\/v2\/categories?post=6685"},{"taxonomy":"post_tag","embeddable":true,"href":"https:\/\/blogs.correiobraziliense.com.br\/vicente\/wp-json\/wp\/v2\/tags?post=6685"}],"curies":[{"name":"wp","href":"https:\/\/api.w.org\/{rel}","templated":true}]}}