{"id":6671,"date":"2017-12-08T13:07:45","date_gmt":"2017-12-08T15:07:45","guid":{"rendered":"https:\/\/blogs.correiobraziliense.com.br\/vicente\/?p=6671"},"modified":"2017-12-08T16:10:03","modified_gmt":"2017-12-08T18:10:03","slug":"meirelles-monta-equipe-de-redes-sociais-para-campanha","status":"publish","type":"post","link":"https:\/\/blogs.correiobraziliense.com.br\/vicente\/meirelles-monta-equipe-de-redes-sociais-para-campanha\/","title":{"rendered":"Meirelles monta equipe de redes sociais para a campanha"},"content":{"rendered":"<p>\u00bb O ministro da Fazenda, Henrique Meirelles, est\u00e1 a todo vapor em busca de um especialista em redes sociais para tocar a sua campanha ao Pal\u00e1cio do Planalto.<\/p>\n<p>&nbsp;<\/p>\n<p><strong>Toque no cora\u00e7\u00e3o<\/strong><\/p>\n<p>&nbsp;<\/p>\n<p>\u00bb A ordem de Meirelles \u00e9 n\u00e3o economizar no trabalho para construir uma imagem popular, que toque o cora\u00e7\u00e3o dos cidad\u00e3os mais pobres, que n\u00e3o o conhecem.<\/p>\n<p>&nbsp;<\/p>\n<p><em>Bras\u00edlia, 13h07min<\/em><\/p>\n","protected":false},"excerpt":{"rendered":"<p>\u00bb O ministro da Fazenda, Henrique Meirelles, est\u00e1 a todo vapor em busca de um especialista em redes sociais para tocar a sua campanha ao Pal\u00e1cio do Planalto. &nbsp; Toque no cora\u00e7\u00e3o &nbsp; \u00bb A ordem de Meirelles \u00e9 n\u00e3o economizar no trabalho para construir uma imagem popular, que toque o cora\u00e7\u00e3o dos cidad\u00e3os mais [&hellip;]<\/p>\n","protected":false},"author":22,"featured_media":0,"comment_status":"open","ping_status":"closed","sticky":false,"template":"","format":"standard","meta":{"footnotes":""},"categories":[600],"tags":[],"class_list":["post-6671","post","type-post","status-publish","format-standard","hentry","category-economia"],"_links":{"self":[{"href":"https:\/\/blogs.correiobraziliense.com.br\/vicente\/wp-json\/wp\/v2\/posts\/6671","targetHints":{"allow":["GET"]}}],"collection":[{"href":"https:\/\/blogs.correiobraziliense.com.br\/vicente\/wp-json\/wp\/v2\/posts"}],"about":[{"href":"https:\/\/blogs.correiobraziliense.com.br\/vicente\/wp-json\/wp\/v2\/types\/post"}],"author":[{"embeddable":true,"href":"https:\/\/blogs.correiobraziliense.com.br\/vicente\/wp-json\/wp\/v2\/users\/22"}],"replies":[{"embeddable":true,"href":"https:\/\/blogs.correiobraziliense.com.br\/vicente\/wp-json\/wp\/v2\/comments?post=6671"}],"version-history":[{"count":1,"href":"https:\/\/blogs.correiobraziliense.com.br\/vicente\/wp-json\/wp\/v2\/posts\/6671\/revisions"}],"predecessor-version":[{"id":6672,"href":"https:\/\/blogs.correiobraziliense.com.br\/vicente\/wp-json\/wp\/v2\/posts\/6671\/revisions\/6672"}],"wp:attachment":[{"href":"https:\/\/blogs.correiobraziliense.com.br\/vicente\/wp-json\/wp\/v2\/media?parent=6671"}],"wp:term":[{"taxonomy":"category","embeddable":true,"href":"https:\/\/blogs.correiobraziliense.com.br\/vicente\/wp-json\/wp\/v2\/categories?post=6671"},{"taxonomy":"post_tag","embeddable":true,"href":"https:\/\/blogs.correiobraziliense.com.br\/vicente\/wp-json\/wp\/v2\/tags?post=6671"}],"curies":[{"name":"wp","href":"https:\/\/api.w.org\/{rel}","templated":true}]}}