{"id":6656,"date":"2017-12-06T18:22:27","date_gmt":"2017-12-06T20:22:27","guid":{"rendered":"https:\/\/blogs.correiobraziliense.com.br\/vicente\/?p=6656"},"modified":"2017-12-06T18:22:27","modified_gmt":"2017-12-06T20:22:27","slug":"bc-corta-juros-para-7-ao-ano-menor-taxa-da-historia","status":"publish","type":"post","link":"https:\/\/blogs.correiobraziliense.com.br\/vicente\/bc-corta-juros-para-7-ao-ano-menor-taxa-da-historia\/","title":{"rendered":"BC corta juros para 7% ao ano, a menor taxa da hist\u00f3ria"},"content":{"rendered":"<p>POR ANTONIO TEM\u00d3TEO<\/p>\n<p>&nbsp;<\/p>\n<p>Em decis\u00e3o un\u00e2nime, o Comit\u00ea de Pol\u00edtica Monet\u00e1ria (Copom) reduziu a taxa b\u00e1sica de juros (Selic) em 0,5 ponto percentual, para 7% ao ano. Esse \u00e9 o menor patamar da hist\u00f3ria. At\u00e9 ent\u00e3o, o piso era de 7,25% ao ano e vigorou entre outubro 2012 e abril de 2013.<\/p>\n<p>&nbsp;<\/p>\n<p>A decis\u00e3o era amplamente esperada pelo mercado. A equipe de Ilan Goldfajn ainda deixou a porta aberta para mais um corte na pr\u00f3xima reuni\u00e3o do colegiado, marcada para 6 e 7 de fevereiro. Uma parte dos analistas aposta em mais uma redu\u00e7\u00e3o de 0,5 ponto percentual. Outro grupo avalia que a queda ser\u00e1 de 0,25 ponto percentual.<\/p>\n<p>&nbsp;<\/p>\n<p>Uma minoria, entretanto, avalia que o BC manter\u00e1 a Selic em 7% ao ano, diante dos riscos do pr\u00f3ximo ano. Alguns comentam que a equipe de Ilan Goldfajn ser\u00e1 cautelosa para evitar uma alta da taxa ao longo de 2018.<\/p>\n","protected":false},"excerpt":{"rendered":"<p>POR ANTONIO TEM\u00d3TEO &nbsp; Em decis\u00e3o un\u00e2nime, o Comit\u00ea de Pol\u00edtica Monet\u00e1ria (Copom) reduziu a taxa b\u00e1sica de juros (Selic) em 0,5 ponto percentual, para 7% ao ano. Esse \u00e9 o menor patamar da hist\u00f3ria. At\u00e9 ent\u00e3o, o piso era de 7,25% ao ano e vigorou entre outubro 2012 e abril de 2013. &nbsp; A [&hellip;]<\/p>\n","protected":false},"author":22,"featured_media":0,"comment_status":"open","ping_status":"closed","sticky":false,"template":"","format":"standard","meta":{"footnotes":""},"categories":[600],"tags":[106,99,107,4,34],"class_list":["post-6656","post","type-post","status-publish","format-standard","hentry","category-economia","tag-bc","tag-copom","tag-ilan-goldfajn","tag-juros","tag-selic"],"_links":{"self":[{"href":"https:\/\/blogs.correiobraziliense.com.br\/vicente\/wp-json\/wp\/v2\/posts\/6656","targetHints":{"allow":["GET"]}}],"collection":[{"href":"https:\/\/blogs.correiobraziliense.com.br\/vicente\/wp-json\/wp\/v2\/posts"}],"about":[{"href":"https:\/\/blogs.correiobraziliense.com.br\/vicente\/wp-json\/wp\/v2\/types\/post"}],"author":[{"embeddable":true,"href":"https:\/\/blogs.correiobraziliense.com.br\/vicente\/wp-json\/wp\/v2\/users\/22"}],"replies":[{"embeddable":true,"href":"https:\/\/blogs.correiobraziliense.com.br\/vicente\/wp-json\/wp\/v2\/comments?post=6656"}],"version-history":[{"count":1,"href":"https:\/\/blogs.correiobraziliense.com.br\/vicente\/wp-json\/wp\/v2\/posts\/6656\/revisions"}],"predecessor-version":[{"id":6657,"href":"https:\/\/blogs.correiobraziliense.com.br\/vicente\/wp-json\/wp\/v2\/posts\/6656\/revisions\/6657"}],"wp:attachment":[{"href":"https:\/\/blogs.correiobraziliense.com.br\/vicente\/wp-json\/wp\/v2\/media?parent=6656"}],"wp:term":[{"taxonomy":"category","embeddable":true,"href":"https:\/\/blogs.correiobraziliense.com.br\/vicente\/wp-json\/wp\/v2\/categories?post=6656"},{"taxonomy":"post_tag","embeddable":true,"href":"https:\/\/blogs.correiobraziliense.com.br\/vicente\/wp-json\/wp\/v2\/tags?post=6656"}],"curies":[{"name":"wp","href":"https:\/\/api.w.org\/{rel}","templated":true}]}}