{"id":6640,"date":"2017-12-05T19:34:03","date_gmt":"2017-12-05T21:34:03","guid":{"rendered":"https:\/\/blogs.correiobraziliense.com.br\/vicente\/?p=6640"},"modified":"2017-12-05T21:02:29","modified_gmt":"2017-12-05T23:02:29","slug":"governo-acredita-que-reforma-esta-mais-para-vitoria-do-que-para-derrota","status":"publish","type":"post","link":"https:\/\/blogs.correiobraziliense.com.br\/vicente\/governo-acredita-que-reforma-esta-mais-para-vitoria-do-que-para-derrota\/","title":{"rendered":"Governo acredita que reforma est\u00e1 mais para vit\u00f3ria do que para derrota"},"content":{"rendered":"<h2>Encerrado o dia, o Pal\u00e1cio do Planalto est\u00e1 fazendo um balan\u00e7o bastante positivo das negocia\u00e7\u00f5es para a vota\u00e7\u00e3o da reforma da Previd\u00eancia na semana que vem, entre 11 e 15 de dezembro. Assegura ter pelo menos 280 votos firmes e cerca de 30 muito propensos a dar aval \u00e0s mudan\u00e7as no sistema de aposentadoria.<\/h2>\n<p>&nbsp;<\/p>\n<p>Como diz um dos ministros mais pr\u00f3ximos do presidente Michel Temer, hoje, a reforma est\u00e1 mais pr\u00f3xima da vit\u00f3ria na C\u00e2mara do que da derrota. As \u00faltimas negocia\u00e7\u00f5es com os partidos da base e o fechamento da quest\u00e3o pelo PMDB e pelo PTB mudaram os rumos da reforma.<\/p>\n<p>&nbsp;<\/p>\n<p>At\u00e9 a semana passada, o governo j\u00e1 admitiu deixar a vota\u00e7\u00e3o da reforma para 2018. Agora, com os partidos da base aliadas dando sinais mais favor\u00e1veis \u00e0 reforma e com o presidente da C\u00e2mara, Rodrigo Maia, mudando o discurso e se mostrando mais otimista, Temer acredita que o governo est\u00e1 pronto para ir para o tudo ou nada.<\/p>\n<p>&nbsp;<\/p>\n<p><strong>Cobran\u00e7a de ministros<\/strong><\/p>\n<p>&nbsp;<\/p>\n<p>A determina\u00e7\u00e3o do Planalto \u00e9 para que os aliados se concentrem em tr\u00eas partidos para solidificar os votos: PP, PR e PSD. Essas legendas re\u00fanem mais de 100 parlamentares. \u00c9 muito para os planos do governo, que precisa de, no m\u00ednimo, 308 votos para sair vitorioso na C\u00e2mara.<\/p>\n<p>&nbsp;<\/p>\n<p>Os mais otimistas dentro do governo j\u00e1 falam na possibilidade de a reforma ser aprovada com 330 votos. \u00c9 esse o placar que o governo considera seguro para ir \u00e0 vota\u00e7\u00e3o em \u00a0plen\u00e1rio. \u00c9 com essa vis\u00e3o que o Planalto liberou o in\u00edcio das discuss\u00f5es j\u00e1 na segunda-feira, 11, com o relator da reforma, Arthur Maia, totalmente engajado.<\/p>\n<p>&nbsp;<\/p>\n<p>Ciente de que todo o jogo precisa ser muito bem amarrado, para evitar uma derrota que enfraqueceria ainda mais o governo, o presidente Temer determinou aos ministros e integrantes do PP, do PR e do PSD para que garantam o maior n\u00famero de votos para a reforma.<\/p>\n<p>&nbsp;<\/p>\n<p>No entorno do presidente, h\u00e1 quem detone a fragilidade do ministro da Fazenda, Henrique Meirelles, para enquadrar o partido dele, o PSD. Dos 38 parlamentares, fala-se que somente oito est\u00e3o realmente fechados com a proposta de mudan\u00e7a no sistema previdenci\u00e1rio. Meirelles, para esse grupo, precisa provar sua capacidade de articula\u00e7\u00e3o pol\u00edtica at\u00e9 para se viabilizar como candidato \u00e0 Presid\u00eancia da Rep\u00fablica.<\/p>\n<p>&nbsp;<\/p>\n<p><em>Bras\u00edlia, 19h34min<\/em><\/p>\n","protected":false},"excerpt":{"rendered":"<p>Encerrado o dia, o Pal\u00e1cio do Planalto est\u00e1 fazendo um balan\u00e7o bastante positivo das negocia\u00e7\u00f5es para a vota\u00e7\u00e3o da reforma da Previd\u00eancia na semana que vem, entre 11 e 15 de dezembro. Assegura ter pelo menos 280 votos firmes e cerca de 30 muito propensos a dar aval \u00e0s mudan\u00e7as no sistema de aposentadoria. &nbsp; [&hellip;]<\/p>\n","protected":false},"author":22,"featured_media":0,"comment_status":"open","ping_status":"closed","sticky":false,"template":"","format":"standard","meta":{"footnotes":""},"categories":[600],"tags":[2432,429,656,125,2943],"class_list":["post-6640","post","type-post","status-publish","format-standard","hentry","category-economia","tag-meirelles","tag-previdencia","tag-rodrigo-maia","tag-temer","tag-vitoria"],"_links":{"self":[{"href":"https:\/\/blogs.correiobraziliense.com.br\/vicente\/wp-json\/wp\/v2\/posts\/6640","targetHints":{"allow":["GET"]}}],"collection":[{"href":"https:\/\/blogs.correiobraziliense.com.br\/vicente\/wp-json\/wp\/v2\/posts"}],"about":[{"href":"https:\/\/blogs.correiobraziliense.com.br\/vicente\/wp-json\/wp\/v2\/types\/post"}],"author":[{"embeddable":true,"href":"https:\/\/blogs.correiobraziliense.com.br\/vicente\/wp-json\/wp\/v2\/users\/22"}],"replies":[{"embeddable":true,"href":"https:\/\/blogs.correiobraziliense.com.br\/vicente\/wp-json\/wp\/v2\/comments?post=6640"}],"version-history":[{"count":1,"href":"https:\/\/blogs.correiobraziliense.com.br\/vicente\/wp-json\/wp\/v2\/posts\/6640\/revisions"}],"predecessor-version":[{"id":6641,"href":"https:\/\/blogs.correiobraziliense.com.br\/vicente\/wp-json\/wp\/v2\/posts\/6640\/revisions\/6641"}],"wp:attachment":[{"href":"https:\/\/blogs.correiobraziliense.com.br\/vicente\/wp-json\/wp\/v2\/media?parent=6640"}],"wp:term":[{"taxonomy":"category","embeddable":true,"href":"https:\/\/blogs.correiobraziliense.com.br\/vicente\/wp-json\/wp\/v2\/categories?post=6640"},{"taxonomy":"post_tag","embeddable":true,"href":"https:\/\/blogs.correiobraziliense.com.br\/vicente\/wp-json\/wp\/v2\/tags?post=6640"}],"curies":[{"name":"wp","href":"https:\/\/api.w.org\/{rel}","templated":true}]}}