{"id":6627,"date":"2017-12-02T15:12:45","date_gmt":"2017-12-02T17:12:45","guid":{"rendered":"https:\/\/blogs.correiobraziliense.com.br\/vicente\/?p=6627"},"modified":"2017-12-02T15:12:45","modified_gmt":"2017-12-02T17:12:45","slug":"guerra-por-cargos-na-fazenda-sem-meirelles-ja-comecou","status":"publish","type":"post","link":"https:\/\/blogs.correiobraziliense.com.br\/vicente\/guerra-por-cargos-na-fazenda-sem-meirelles-ja-comecou\/","title":{"rendered":"Guerra por cargos na Fazenda sem Meirelles j\u00e1 come\u00e7ou"},"content":{"rendered":"<h2>Integrantes da equipe econ\u00f4mica come\u00e7am a divagar sobre os cargos que podem galgar caso o ministro da Fazenda, Henrique Meirelles, seja eleito presidente da Rep\u00fablica em 2018. Tamb\u00e9m mapeiam o que ser\u00e1 a Fazenda ap\u00f3s o desligamento do chefe para entrar na disputa pela sucess\u00e3o de Michel Temer.<\/h2>\n<p>&nbsp;<\/p>\n<figure id=\"attachment_1053\" aria-describedby=\"caption-attachment-1053\" style=\"width: 683px\" class=\"wp-caption alignnone\"><a href=\"https:\/\/blogs.correiobraziliense.com.br\/vicente\/wp-content\/uploads\/sites\/16\/2016\/05\/Meirelles.jpg\" rel=\"attachment wp-att-1053\"><img loading=\"lazy\" decoding=\"async\" class=\"size-large wp-image-1053\" src=\"https:\/\/blogs.correiobraziliense.com.br\/vicente\/wp-content\/uploads\/sites\/16\/2016\/05\/Meirelles-683x1024.jpg\" alt=\"19\/05\/2016. Cr\u00e9dito: Rodrigo Nunes\/Esp. CB\/D.A Press. Brasil. Bras\u00edlia - DF. Entrevista com o ministro da fazenda Henrique Meirelles, em seu gabinete no minist\u00e9rio.\" width=\"683\" height=\"1024\" srcset=\"https:\/\/blogs.correiobraziliense.com.br\/vicente\/wp-content\/uploads\/sites\/16\/2016\/05\/Meirelles-683x1024.jpg 683w, https:\/\/blogs.correiobraziliense.com.br\/vicente\/wp-content\/uploads\/sites\/16\/2016\/05\/Meirelles-200x300.jpg 200w, https:\/\/blogs.correiobraziliense.com.br\/vicente\/wp-content\/uploads\/sites\/16\/2016\/05\/Meirelles-768x1152.jpg 768w, https:\/\/blogs.correiobraziliense.com.br\/vicente\/wp-content\/uploads\/sites\/16\/2016\/05\/Meirelles-233x350.jpg 233w, https:\/\/blogs.correiobraziliense.com.br\/vicente\/wp-content\/uploads\/sites\/16\/2016\/05\/Meirelles-550x825.jpg 550w, https:\/\/blogs.correiobraziliense.com.br\/vicente\/wp-content\/uploads\/sites\/16\/2016\/05\/Meirelles-230x345.jpg 230w, https:\/\/blogs.correiobraziliense.com.br\/vicente\/wp-content\/uploads\/sites\/16\/2016\/05\/Meirelles.jpg 800w\" sizes=\"auto, (max-width: 683px) 100vw, 683px\" \/><\/a><figcaption id=\"caption-attachment-1053\" class=\"wp-caption-text\">Rodrigo Nunes\/Esp. CB\/D.A Press<\/figcaption><\/figure>\n<p>&nbsp;<\/p>\n<p><strong>Ego nas alturas<\/strong><\/p>\n<p>&nbsp;<\/p>\n<p>Um dos auxiliares mais pr\u00f3ximos de Meirelles, por sinal, sonha em ocupar o lugar do chefe a partir de 2019. Ele acredita que tem credenciais de sobra para se sentar na cadeira mais importante da Esplanada.<\/p>\n<p>&nbsp;<\/p>\n<p><strong>Na ponta do l\u00e1pis<\/strong><br \/>\nQuem acompanha de perto os movimentos de Meirelles rumo ao Pal\u00e1cio do Planalto diz que ele trabalha com a perspectiva de chegar aos 8% das inten\u00e7\u00f5es de voto at\u00e9 mar\u00e7o de 2018. Hoje, n\u00e3o passa de 2%.<\/p>\n<p>&nbsp;<\/p>\n<p><strong>Cedo para apoio<\/strong><\/p>\n<p>&nbsp;<\/p>\n<p>No Pal\u00e1cio do Planalto, auxiliares do presidente Michel Temer ressaltam que ele ainda n\u00e3o comprou a candidatura de Meirelles. \u201cH\u00e1 muito ch\u00e3o a ser percorrido at\u00e9 o presidente decidir quem ele vai apoiar nas elei\u00e7\u00f5es\u201d, diz um assessor.<\/p>\n","protected":false},"excerpt":{"rendered":"<p>Integrantes da equipe econ\u00f4mica come\u00e7am a divagar sobre os cargos que podem galgar caso o ministro da Fazenda, Henrique Meirelles, seja eleito presidente da Rep\u00fablica em 2018. Tamb\u00e9m mapeiam o que ser\u00e1 a Fazenda ap\u00f3s o desligamento do chefe para entrar na disputa pela sucess\u00e3o de Michel Temer. &nbsp; &nbsp; Ego nas alturas &nbsp; Um [&hellip;]<\/p>\n","protected":false},"author":22,"featured_media":0,"comment_status":"open","ping_status":"closed","sticky":false,"template":"","format":"standard","meta":{"footnotes":""},"categories":[600],"tags":[2420,570,665,21,111,19],"class_list":["post-6627","post","type-post","status-publish","format-standard","hentry","category-economia","tag-cargos","tag-disputa","tag-eleicoes","tag-henrique-meirelles","tag-michel-temer","tag-ministerio-da-fazenda"],"_links":{"self":[{"href":"https:\/\/blogs.correiobraziliense.com.br\/vicente\/wp-json\/wp\/v2\/posts\/6627","targetHints":{"allow":["GET"]}}],"collection":[{"href":"https:\/\/blogs.correiobraziliense.com.br\/vicente\/wp-json\/wp\/v2\/posts"}],"about":[{"href":"https:\/\/blogs.correiobraziliense.com.br\/vicente\/wp-json\/wp\/v2\/types\/post"}],"author":[{"embeddable":true,"href":"https:\/\/blogs.correiobraziliense.com.br\/vicente\/wp-json\/wp\/v2\/users\/22"}],"replies":[{"embeddable":true,"href":"https:\/\/blogs.correiobraziliense.com.br\/vicente\/wp-json\/wp\/v2\/comments?post=6627"}],"version-history":[{"count":1,"href":"https:\/\/blogs.correiobraziliense.com.br\/vicente\/wp-json\/wp\/v2\/posts\/6627\/revisions"}],"predecessor-version":[{"id":6628,"href":"https:\/\/blogs.correiobraziliense.com.br\/vicente\/wp-json\/wp\/v2\/posts\/6627\/revisions\/6628"}],"wp:attachment":[{"href":"https:\/\/blogs.correiobraziliense.com.br\/vicente\/wp-json\/wp\/v2\/media?parent=6627"}],"wp:term":[{"taxonomy":"category","embeddable":true,"href":"https:\/\/blogs.correiobraziliense.com.br\/vicente\/wp-json\/wp\/v2\/categories?post=6627"},{"taxonomy":"post_tag","embeddable":true,"href":"https:\/\/blogs.correiobraziliense.com.br\/vicente\/wp-json\/wp\/v2\/tags?post=6627"}],"curies":[{"name":"wp","href":"https:\/\/api.w.org\/{rel}","templated":true}]}}