{"id":6614,"date":"2017-11-30T18:39:34","date_gmt":"2017-11-30T20:39:34","guid":{"rendered":"https:\/\/blogs.correiobraziliense.com.br\/vicente\/?p=6614"},"modified":"2017-11-30T20:05:45","modified_gmt":"2017-11-30T22:05:45","slug":"temer-ja-cogita-deixar-reforma-da-previdencia-para-2018","status":"publish","type":"post","link":"https:\/\/blogs.correiobraziliense.com.br\/vicente\/temer-ja-cogita-deixar-reforma-da-previdencia-para-2018\/","title":{"rendered":"Temer j\u00e1 cogita deixar a reforma da Previd\u00eancia para 2018"},"content":{"rendered":"<h2>NAT\u00c1LIA LAMBERT E\u00a0ROSANA HESSEL<\/h2>\n<h2><\/h2>\n<h2>Depois de o presidente da C\u00e2mara, Rodrigo Maia (DEM-RJ), jogar um balde de \u00e1gua fria nas expectativas do governo de come\u00e7ar a votar da reforma da Previd\u00eancia na pr\u00f3xima quarta-feira, 6, aliados do governo come\u00e7am a pensar em sa\u00eddas estrat\u00e9gicas para justificar o adiamento para 2018. Oficialmente, uma reuni\u00e3o com os l\u00edderes da base e ministros est\u00e1 marcada no Pal\u00e1cio do Planalto, no domingo, 3, para tra\u00e7ar um novo plano, mas governistas admitem que o encontro ser\u00e1 para dividir as responsabilidades da derrota moment\u00e2nea, inclusive, jogando parte da culpa no colo do PSDB.<\/h2>\n<p>&nbsp;<\/p>\n<p>\u201cEles n\u00e3o est\u00e3o cumprindo o compromisso com as reformas e est\u00e3o dificultando a negocia\u00e7\u00e3o. Mas vamos em frente. A ideia \u00e9 trabalhar para aprovar logo no come\u00e7o do ano que vem, mas essa negocia\u00e7\u00e3o em ano eleitoral ser\u00e1 ainda mais complicada. Muitos deputados est\u00e3o com medo de assumir o desgaste de aprovar e o Senado segurar at\u00e9 depois das elei\u00e7\u00f5es\u201d, comenta um peemedebista que prefere n\u00e3o se identificar.<\/p>\n<p>&nbsp;<\/p>\n<p>A estrat\u00e9gia de esperar as elei\u00e7\u00f5es passarem tamb\u00e9m vem sendo considerada, j\u00e1 que o principal argumento dos deputados para n\u00e3o quererem votar agora a reforma \u00e9 que ela seria um \u201csuic\u00eddio eleitoral\u201d. \u201cEsse tipo de mat\u00e9ria \u00e9 para ser aprovada em come\u00e7o de mandato e n\u00e3o em ano eleitoral. Se for para ser, que seja depois do resultado das urnas\u201d, afirma um aliado do Planalto na C\u00e2mara. Para o governo, a op\u00e7\u00e3o n\u00e3o \u00e9 aceit\u00e1vel porque isso demonstraria fraqueza e os reflexos na recupera\u00e7\u00e3o da economia seriam imediatos.<\/p>\n<p>&nbsp;<\/p>\n<p>S\u00f3 a declara\u00e7\u00e3o de Maia de que n\u00e3o conseguir\u00e1 pautar a reforma para esta semana j\u00e1 provocou rea\u00e7\u00f5es no mercado financeiro. \u201cA gente est\u00e1 tentando construir o texto em cima dos 308 votos. A gente sabe que est\u00e1 muito longe disso ainda. Muito longe mesmo, infelizmente\u201d, disse o presidente da C\u00e2mara, na sa\u00edda de um evento em S\u00e3o Paulo, na manh\u00e3 desta quinta-feira (30).<\/p>\n<p>&nbsp;<\/p>\n<p>Com a perspectiva de adiamento da reforma da Previd\u00eancia, as a\u00e7\u00f5es nacionais despencaram e o d\u00f3lar subiu. A Bolsa de Valores de S\u00e3o Paulo (B3) fechou o preg\u00e3o de ontem com queda de 1% em rela\u00e7\u00e3o \u00e0 v\u00e9spera a 71.733 pontos. Enquanto isso, a divisa norte-americana valorizou 0,93% em rela\u00e7\u00e3o ao real e encerrou o dia cotada a R$ 3,269 para a venda.<\/p>\n<p>&nbsp;<\/p>\n<p><em>Bras\u00edlia, 18h39min<\/em><\/p>\n","protected":false},"excerpt":{"rendered":"<p>NAT\u00c1LIA LAMBERT E\u00a0ROSANA HESSEL Depois de o presidente da C\u00e2mara, Rodrigo Maia (DEM-RJ), jogar um balde de \u00e1gua fria nas expectativas do governo de come\u00e7ar a votar da reforma da Previd\u00eancia na pr\u00f3xima quarta-feira, 6, aliados do governo come\u00e7am a pensar em sa\u00eddas estrat\u00e9gicas para justificar o adiamento para 2018. Oficialmente, uma reuni\u00e3o com os [&hellip;]<\/p>\n","protected":false},"author":22,"featured_media":0,"comment_status":"open","ping_status":"closed","sticky":false,"template":"","format":"standard","meta":{"footnotes":""},"categories":[600],"tags":[111,429],"class_list":["post-6614","post","type-post","status-publish","format-standard","hentry","category-economia","tag-michel-temer","tag-previdencia"],"_links":{"self":[{"href":"https:\/\/blogs.correiobraziliense.com.br\/vicente\/wp-json\/wp\/v2\/posts\/6614","targetHints":{"allow":["GET"]}}],"collection":[{"href":"https:\/\/blogs.correiobraziliense.com.br\/vicente\/wp-json\/wp\/v2\/posts"}],"about":[{"href":"https:\/\/blogs.correiobraziliense.com.br\/vicente\/wp-json\/wp\/v2\/types\/post"}],"author":[{"embeddable":true,"href":"https:\/\/blogs.correiobraziliense.com.br\/vicente\/wp-json\/wp\/v2\/users\/22"}],"replies":[{"embeddable":true,"href":"https:\/\/blogs.correiobraziliense.com.br\/vicente\/wp-json\/wp\/v2\/comments?post=6614"}],"version-history":[{"count":1,"href":"https:\/\/blogs.correiobraziliense.com.br\/vicente\/wp-json\/wp\/v2\/posts\/6614\/revisions"}],"predecessor-version":[{"id":6615,"href":"https:\/\/blogs.correiobraziliense.com.br\/vicente\/wp-json\/wp\/v2\/posts\/6614\/revisions\/6615"}],"wp:attachment":[{"href":"https:\/\/blogs.correiobraziliense.com.br\/vicente\/wp-json\/wp\/v2\/media?parent=6614"}],"wp:term":[{"taxonomy":"category","embeddable":true,"href":"https:\/\/blogs.correiobraziliense.com.br\/vicente\/wp-json\/wp\/v2\/categories?post=6614"},{"taxonomy":"post_tag","embeddable":true,"href":"https:\/\/blogs.correiobraziliense.com.br\/vicente\/wp-json\/wp\/v2\/tags?post=6614"}],"curies":[{"name":"wp","href":"https:\/\/api.w.org\/{rel}","templated":true}]}}