{"id":6607,"date":"2017-11-30T12:11:06","date_gmt":"2017-11-30T14:11:06","guid":{"rendered":"https:\/\/blogs.correiobraziliense.com.br\/vicente\/?p=6607"},"modified":"2017-11-30T13:14:41","modified_gmt":"2017-11-30T15:14:41","slug":"ao-emparedar-o-psdb-temer-cobra-infieis","status":"publish","type":"post","link":"https:\/\/blogs.correiobraziliense.com.br\/vicente\/ao-emparedar-o-psdb-temer-cobra-infieis\/","title":{"rendered":"Ao emparedar o PSDB, Temer cobra infi\u00e9is"},"content":{"rendered":"<p>PAULO DE TARSO LYRA E\u00a0ROSANA HESSEL<\/p>\n<p>&nbsp;<\/p>\n<p>O governo emparedou ontem o PSDB no debate da reforma da Previd\u00eancia. Um dos principais articuladores do governo, o chefe da Casa Civil, ministro Eliseu Padilha, foi duro ao afirmar que os tucanos n\u00e3o est\u00e3o mais na base de apoio governista. A declara\u00e7\u00e3o foi dada dois dias ap\u00f3s os tucanos acertarem, por consenso, que o futuro presidente da legenda ser\u00e1 o governador de S\u00e3o Paulo, Geraldo Alckmin. \u201cVamos fazer de tudo para manter base de sustenta\u00e7\u00e3o do governo e projeto \u00fanico de governo para 2018. O PSDB j\u00e1 disse que vai sair\u201d, declarou Padilha.<\/p>\n<p>&nbsp;<\/p>\n<p>As palavras de Padilha t\u00eam dois objetivos. O primeiro deles \u00e9 deixar claro aos demais partidos da base aliada que, agora oficialmente, haver\u00e1 mais espa\u00e7o para os fi\u00e9is que apoiarem as mudan\u00e7as nas regras de aposentadoria. E tamb\u00e9m um pux\u00e3o de orelhas nos tucanos governistas, para que estes se movimentem em busca de votos favor\u00e1veis \u00e0 reforma. A an\u00e1lise palaciana \u00e9 de que, se o PSDB buscou o consenso em torno do governador de S\u00e3o Paulo, Geraldo Alckmin e, ainda assim, n\u00e3o tiver uma maioria favor\u00e1vel \u00e0 Previd\u00eancia, passar\u00e1 a imagem de que \u00e9 o governador de S\u00e3o Paulo que est\u00e1 pouco \u00e0 vontade para defender as mudan\u00e7as. Padilha cobrou coer\u00eancia.<\/p>\n<p>&nbsp;<\/p>\n<p>\u201cCircunst\u00e2ncias propostas momentaneamente, ao meu ju\u00edzo, n\u00e3o alteram a hist\u00f3ria do PSDB em rela\u00e7\u00e3o \u00e0 Previd\u00eancia Social. Dever\u00e1 haver debate no PSDB em raz\u00e3o da sua hist\u00f3ria, independentemente de estar no governo ou n\u00e3o. \u00c9 pela sua hist\u00f3ria. Contamos que isso (apoio \u00e0 reforma da Previd\u00eancia) venha a acontecer\u201d, disse Padilha.<\/p>\n<p>&nbsp;<\/p>\n<p><strong>Negativa<\/strong><\/p>\n<p>&nbsp;<\/p>\n<p>Aparentemente, as palavras de Padilha surtiram efeito, mesmo o presidente Michel Temer tendo negado, ap\u00f3s almo\u00e7o com empreendedores e pequenos empres\u00e1rios, considerar que o PSDB seja carta fora do baralho governista. No fim da tarde, o presidente abriu espa\u00e7o na agenda para uma s\u00e9rie de parlamentares tucanos, como os senadores Roberto Rocha (MA); A\u00e9cio Neves (MG); Antonio Anastasia (MG); e os deputados Marcus Pestana (MG) e Bruna Furlan (SP). A\u00e9cio \u00e9 o principal fiador da alian\u00e7a tucana com o Planalto.<\/p>\n<p>&nbsp;<\/p>\n<p>Padilha ressaltou a necessidade imperiosa de aprovar a reforma. \u201cSe n\u00e3o houver reforma da Previd\u00eancia, no ano de 2024, todo o Or\u00e7amento da Rep\u00fablica s\u00f3 paga folha, Previd\u00eancia, sa\u00fade e educa\u00e7\u00e3o. Se n\u00e3o fizermos nada, vai acontecer como aconteceu na Gr\u00e9cia e em Portugal, onde parte das aposentadorias teve que custear o sistema\u201d, disse o ministro. O l\u00edder do partido na C\u00e2mara, Ricardo Tr\u00edpoli (SP), contudo, n\u00e3o engoliu com tranquilidade as palavras de Padilha. Mais alinhado aos chamados cabe\u00e7as-pretas do partido, ele disse que o partido n\u00e3o pode ser responsabilizado pelas dificuldades de o governo conseguir os 308 votos para aprovar a Previd\u00eancia.<\/p>\n<p>&nbsp;<\/p>\n<p>\u201c\u00c9 not\u00f3rio que as dificuldades do governo para consolidar apoio \u00e0 PEC foram agravadas pelas den\u00fancias da Procuradoria-Geral da Rep\u00fablica, com a progressiva falta de coes\u00e3o na base. N\u00e3o \u00e9 papel da bancada do PSDB mobilizar os aliados do governo. S\u00e3o necess\u00e1rios 308 votos para aprova\u00e7\u00e3o da PEC. Hoje, os 46 votos do PSDB seriam insuficientes para suprir o deficit de apoio no plen\u00e1rio\u201d, declarou Tr\u00edpoli.<\/p>\n<p>&nbsp;<\/p>\n<p>O l\u00edder da bancada defendeu ainda o partido dizendo que n\u00e3o est\u00e1 em debate se o tema \u00e9 popular ou n\u00e3o. \u201cO PSDB n\u00e3o se guia pela impopularidade dos temas ou pela proximidade do calend\u00e1rio eleitoral. A vota\u00e7\u00e3o de medidas importantes como a PEC do Teto de Gastos, a Lei das Estatais, a Terceiriza\u00e7\u00e3o, a reforma Trabalhista, o marco regulat\u00f3rio do Petr\u00f3leo, entre tantas outras, aprovadas com s\u00f3lido apoio do PSDB, confirmam nosso compromisso com a agenda de reformas e nossa op\u00e7\u00e3o pela responsabilidade\u201d, completou.<\/p>\n<p>&nbsp;<\/p>\n<p><em>Bras\u00edlia, 12h11min<\/em><\/p>\n","protected":false},"excerpt":{"rendered":"<p>PAULO DE TARSO LYRA E\u00a0ROSANA HESSEL &nbsp; O governo emparedou ontem o PSDB no debate da reforma da Previd\u00eancia. Um dos principais articuladores do governo, o chefe da Casa Civil, ministro Eliseu Padilha, foi duro ao afirmar que os tucanos n\u00e3o est\u00e3o mais na base de apoio governista. A declara\u00e7\u00e3o foi dada dois dias ap\u00f3s [&hellip;]<\/p>\n","protected":false},"author":22,"featured_media":0,"comment_status":"open","ping_status":"closed","sticky":false,"template":"","format":"standard","meta":{"footnotes":""},"categories":[600],"tags":[2938,111,2603,429,1820],"class_list":["post-6607","post","type-post","status-publish","format-standard","hentry","category-economia","tag-apoio","tag-michel-temer","tag-partidos","tag-previdencia","tag-psdb"],"_links":{"self":[{"href":"https:\/\/blogs.correiobraziliense.com.br\/vicente\/wp-json\/wp\/v2\/posts\/6607","targetHints":{"allow":["GET"]}}],"collection":[{"href":"https:\/\/blogs.correiobraziliense.com.br\/vicente\/wp-json\/wp\/v2\/posts"}],"about":[{"href":"https:\/\/blogs.correiobraziliense.com.br\/vicente\/wp-json\/wp\/v2\/types\/post"}],"author":[{"embeddable":true,"href":"https:\/\/blogs.correiobraziliense.com.br\/vicente\/wp-json\/wp\/v2\/users\/22"}],"replies":[{"embeddable":true,"href":"https:\/\/blogs.correiobraziliense.com.br\/vicente\/wp-json\/wp\/v2\/comments?post=6607"}],"version-history":[{"count":1,"href":"https:\/\/blogs.correiobraziliense.com.br\/vicente\/wp-json\/wp\/v2\/posts\/6607\/revisions"}],"predecessor-version":[{"id":6608,"href":"https:\/\/blogs.correiobraziliense.com.br\/vicente\/wp-json\/wp\/v2\/posts\/6607\/revisions\/6608"}],"wp:attachment":[{"href":"https:\/\/blogs.correiobraziliense.com.br\/vicente\/wp-json\/wp\/v2\/media?parent=6607"}],"wp:term":[{"taxonomy":"category","embeddable":true,"href":"https:\/\/blogs.correiobraziliense.com.br\/vicente\/wp-json\/wp\/v2\/categories?post=6607"},{"taxonomy":"post_tag","embeddable":true,"href":"https:\/\/blogs.correiobraziliense.com.br\/vicente\/wp-json\/wp\/v2\/tags?post=6607"}],"curies":[{"name":"wp","href":"https:\/\/api.w.org\/{rel}","templated":true}]}}