{"id":6598,"date":"2017-11-29T20:36:39","date_gmt":"2017-11-29T22:36:39","guid":{"rendered":"https:\/\/blogs.correiobraziliense.com.br\/vicente\/?p=6598"},"modified":"2017-11-29T21:43:33","modified_gmt":"2017-11-29T23:43:33","slug":"justica-da-plenos-poderes-novo-presidente-da-oi-e-afasta-tanure","status":"publish","type":"post","link":"https:\/\/blogs.correiobraziliense.com.br\/vicente\/justica-da-plenos-poderes-novo-presidente-da-oi-e-afasta-tanure\/","title":{"rendered":"Justi\u00e7a d\u00e1 plenos poderes a novo presidente da Oi e afasta Tanure"},"content":{"rendered":"<h2>HAMILTON FERRARI<\/h2>\n<h2><\/h2>\n<h2>Em decis\u00e3o, o juiz titular da 7\u00aa Vara Empresarial do Tribunal de Justi\u00e7a, Fernando Viana, adiou a assembleia geral dos credores da operadora Oi para o dia 19 de dezembro. O magistrado tamb\u00e9m deu plenos poderes para o novo presidente da companhia, Eurico Teles, conduzir e concluir as negocia\u00e7\u00f5es at\u00e9 o dia 12 de dezembro, que ser\u00e1 a data final para apresenta\u00e7\u00e3o de mais um plano que tenta tirar a companhia da beira do abismo. A empresa passa pelo maior processo de recupera\u00e7\u00e3o judicial da hist\u00f3ria, com d\u00edvidas de R$ 65 bilh\u00f5es.<\/h2>\n<p>&nbsp;<\/p>\n<p>A assembleia estava marcada para 7 de dezembro, registrando o terceiro adiamento. \u201cSe por um lado, o adiamento da assembleia \u00e9 uma medida negativa do ponto de vista da celeridade e do cumprimento desta etapa processual, por outro, no caso mais concreto, exatamente por conta dos adiantamentos da assembleia, foi poss\u00edvel a realiza\u00e7\u00e3o de mais de 30 mil acordos com os credores\u201d, apontou o juiz na decis\u00e3o.<\/p>\n<p>&nbsp;<\/p>\n<p>O processo complicou ainda mais depois que o ex-presidente da Oi Marco Schroeder pediu demiss\u00e3o na \u00faltima semana, quando havia outro plano de recupera\u00e7\u00e3o aprovado pelo conselho da empresa. Com a sa\u00edda dele, o juiz designou o novo gestor, Eurico Teles, para ser o \u201cprincipal\u201d interlocutor entre credores e Justi\u00e7a, \u201cpodendo tomar decis\u00e3o que julgar mais importante para a companhia, sem a necessidade de ter o aval do Conselho\u201d, afirmou o juiz.<\/p>\n<p>&nbsp;<\/p>\n<p>Al\u00e9m disso, o magistrado manteve decis\u00e3o anterior de afastar o Conselho de Administra\u00e7\u00e3o da Oi, liderado pelo empres\u00e1rio Nelson Tanure, das negocia\u00e7\u00f5es. \u201cMantenho a decis\u00e3o cautelar que determinou que os novos diretores Helio Costa e Jo\u00e3o Vicente Ribeiro, nomeados pelo Conselho de Administra\u00e7\u00e3o [para a assembleia], se abstenham de interferir de qualquer modo em quest\u00f5es relacionadas a este processo de recupera\u00e7\u00e3o judicial\u201d, decidiu Viana.<\/p>\n<p>&nbsp;<\/p>\n<p>Telmo Schoeler, presidente da Orchestra Solu\u00e7\u00f5es Empresariais e especialista em processos de recupera\u00e7\u00e3o, declarou que o plano precisa tra\u00e7ar uma estrat\u00e9gia para tirar a empresa do buraco, o que n\u00e3o \u00e9 poss\u00edvel ver at\u00e9 ent\u00e3o. \u201cNos planos que foram apresentados at\u00e9 ent\u00e3o eram discutidos prazos e descontos aos envolvidos, sem qualquer tipo de medida efetiva para melhorar a situa\u00e7\u00e3o da empresa no mercado. N\u00e3o era um plano para consertar o problema, mas para amenizar as consequ\u00eancias dr\u00e1stica que eles causaram\u201d, avaliou. Na decis\u00e3o, Viana d\u00e1 uma alfinetada nos acionistas da Oi. \u201cO foco deve estar na empresa e n\u00e3o no empres\u00e1rio\u201d, disse. \u201cA negocia\u00e7\u00e3o precisa ocorrer em um ambiente est\u00e1vel\u201d, completou.<\/p>\n","protected":false},"excerpt":{"rendered":"<p>HAMILTON FERRARI Em decis\u00e3o, o juiz titular da 7\u00aa Vara Empresarial do Tribunal de Justi\u00e7a, Fernando Viana, adiou a assembleia geral dos credores da operadora Oi para o dia 19 de dezembro. O magistrado tamb\u00e9m deu plenos poderes para o novo presidente da companhia, Eurico Teles, conduzir e concluir as negocia\u00e7\u00f5es at\u00e9 o dia 12 [&hellip;]<\/p>\n","protected":false},"author":22,"featured_media":0,"comment_status":"open","ping_status":"closed","sticky":false,"template":"","format":"standard","meta":{"footnotes":""},"categories":[600],"tags":[],"class_list":["post-6598","post","type-post","status-publish","format-standard","hentry","category-economia"],"_links":{"self":[{"href":"https:\/\/blogs.correiobraziliense.com.br\/vicente\/wp-json\/wp\/v2\/posts\/6598","targetHints":{"allow":["GET"]}}],"collection":[{"href":"https:\/\/blogs.correiobraziliense.com.br\/vicente\/wp-json\/wp\/v2\/posts"}],"about":[{"href":"https:\/\/blogs.correiobraziliense.com.br\/vicente\/wp-json\/wp\/v2\/types\/post"}],"author":[{"embeddable":true,"href":"https:\/\/blogs.correiobraziliense.com.br\/vicente\/wp-json\/wp\/v2\/users\/22"}],"replies":[{"embeddable":true,"href":"https:\/\/blogs.correiobraziliense.com.br\/vicente\/wp-json\/wp\/v2\/comments?post=6598"}],"version-history":[{"count":2,"href":"https:\/\/blogs.correiobraziliense.com.br\/vicente\/wp-json\/wp\/v2\/posts\/6598\/revisions"}],"predecessor-version":[{"id":6600,"href":"https:\/\/blogs.correiobraziliense.com.br\/vicente\/wp-json\/wp\/v2\/posts\/6598\/revisions\/6600"}],"wp:attachment":[{"href":"https:\/\/blogs.correiobraziliense.com.br\/vicente\/wp-json\/wp\/v2\/media?parent=6598"}],"wp:term":[{"taxonomy":"category","embeddable":true,"href":"https:\/\/blogs.correiobraziliense.com.br\/vicente\/wp-json\/wp\/v2\/categories?post=6598"},{"taxonomy":"post_tag","embeddable":true,"href":"https:\/\/blogs.correiobraziliense.com.br\/vicente\/wp-json\/wp\/v2\/tags?post=6598"}],"curies":[{"name":"wp","href":"https:\/\/api.w.org\/{rel}","templated":true}]}}