{"id":6594,"date":"2017-11-28T17:23:39","date_gmt":"2017-11-28T19:23:39","guid":{"rendered":"https:\/\/blogs.correiobraziliense.com.br\/vicente\/?p=6594"},"modified":"2017-11-28T19:56:04","modified_gmt":"2017-11-28T21:56:04","slug":"spu-e-ministerio-da-defesa-farao-troca-de-imoveis","status":"publish","type":"post","link":"https:\/\/blogs.correiobraziliense.com.br\/vicente\/spu-e-ministerio-da-defesa-farao-troca-de-imoveis\/","title":{"rendered":"SPU e Minist\u00e9rio da Defesa far\u00e3o troca de im\u00f3veis"},"content":{"rendered":"<h2>Na tentativa de conter os gastos p\u00fablicos e de melhorar a administra\u00e7\u00e3o dos im\u00f3veis da Uni\u00e3o, os minist\u00e9rios do Planejamento e da Defesa acertaram um protocolo de inten\u00e7\u00f5es. Com isso, a\u00a0Secretaria do Patrim\u00f4nio da Uni\u00e3o (SPU) vai transferir, ao Minist\u00e9rio da Defesa, apartamentos funcionais, proje\u00e7\u00f5es para apartamentos e lotes no Distrito Federal. Em contrapartida, a Defesa repassar\u00e1 \u00e0 SPU proje\u00e7\u00f5es para apartamentos, lotes comerciais e um lote residencial, todos em \u00e1rea nobre de Bras\u00edlia.<\/h2>\n<h2><\/h2>\n<p>Com essa transfer\u00eancia, a SPU n\u00e3o ter\u00e1 mais gastos com manuten\u00e7\u00e3o, pagamento de taxas, impostos e condom\u00ednios das unidades que est\u00e3o desocupadas. \u201cAl\u00e9m disso, a permuta ser\u00e1 ben\u00e9fica aos dois \u00f3rg\u00e3os: para as For\u00e7as Armadas, que diminuem sua demanda por apartamentos; e para a SPU, que incorpora ao seu patrim\u00f4nio, im\u00f3veis de \u00f3timo lastro comercial\u201d, explica o secret\u00e1rio do patrim\u00f4nio da Uni\u00e3o, Sidrack Correia.<\/p>\n<p>&nbsp;<\/p>\n<p>O protocolo, publicado nesta segunda-feira (27\/11) no Di\u00e1rio Oficial da Uni\u00e3o, foi assinado na \u00faltima semana pelos ministros Dyogo Oliveira e Raul Jungmann. Os \u00f3rg\u00e3os ter\u00e3o prazo estimado de 30 dias para fazer a transfer\u00eancia dos seus respectivos patrim\u00f4nios.<\/p>\n<p>&nbsp;<\/p>\n<p>No total, seis im\u00f3veis ser\u00e3o incorporados \u00e0 gest\u00e3o da SPU, todos em Bras\u00edlia: tr\u00eas proje\u00e7\u00f5es para edif\u00edcios residenciais na Asa Norte, um lote comercial na 903 Sul, um lote no Setor de Garagens Oficiais e um terreno na QL 12 do Lago Sul.<\/p>\n<p>&nbsp;<\/p>\n<p>O Minist\u00e9rio da Defesa, por sua vez, receber\u00e1 142 apartamentos nas Asas Sul, Norte, Setor Octogonal e Cruzeiro; tr\u00eas lotes no Guar\u00e1 II; uma proje\u00e7\u00e3o na 114 Norte, uma proje\u00e7\u00e3o na 311 Sul e um lote no Lago Sul. Esses im\u00f3veis ser\u00e3o destinados aos Comandos do Ex\u00e9rcito, da Marinha e da Aeron\u00e1utica, mas continuar\u00e3o a integrar o cadastro patrimonial da Uni\u00e3o.<\/p>\n<p>&nbsp;<\/p>\n<p><em>Bras\u00edlia, 17h23min<\/em><\/p>\n","protected":false},"excerpt":{"rendered":"<p>Na tentativa de conter os gastos p\u00fablicos e de melhorar a administra\u00e7\u00e3o dos im\u00f3veis da Uni\u00e3o, os minist\u00e9rios do Planejamento e da Defesa acertaram um protocolo de inten\u00e7\u00f5es. Com isso, a\u00a0Secretaria do Patrim\u00f4nio da Uni\u00e3o (SPU) vai transferir, ao Minist\u00e9rio da Defesa, apartamentos funcionais, proje\u00e7\u00f5es para apartamentos e lotes no Distrito Federal. Em contrapartida, a [&hellip;]<\/p>\n","protected":false},"author":22,"featured_media":0,"comment_status":"open","ping_status":"closed","sticky":false,"template":"","format":"standard","meta":{"footnotes":""},"categories":[600],"tags":[],"class_list":["post-6594","post","type-post","status-publish","format-standard","hentry","category-economia"],"_links":{"self":[{"href":"https:\/\/blogs.correiobraziliense.com.br\/vicente\/wp-json\/wp\/v2\/posts\/6594","targetHints":{"allow":["GET"]}}],"collection":[{"href":"https:\/\/blogs.correiobraziliense.com.br\/vicente\/wp-json\/wp\/v2\/posts"}],"about":[{"href":"https:\/\/blogs.correiobraziliense.com.br\/vicente\/wp-json\/wp\/v2\/types\/post"}],"author":[{"embeddable":true,"href":"https:\/\/blogs.correiobraziliense.com.br\/vicente\/wp-json\/wp\/v2\/users\/22"}],"replies":[{"embeddable":true,"href":"https:\/\/blogs.correiobraziliense.com.br\/vicente\/wp-json\/wp\/v2\/comments?post=6594"}],"version-history":[{"count":1,"href":"https:\/\/blogs.correiobraziliense.com.br\/vicente\/wp-json\/wp\/v2\/posts\/6594\/revisions"}],"predecessor-version":[{"id":6595,"href":"https:\/\/blogs.correiobraziliense.com.br\/vicente\/wp-json\/wp\/v2\/posts\/6594\/revisions\/6595"}],"wp:attachment":[{"href":"https:\/\/blogs.correiobraziliense.com.br\/vicente\/wp-json\/wp\/v2\/media?parent=6594"}],"wp:term":[{"taxonomy":"category","embeddable":true,"href":"https:\/\/blogs.correiobraziliense.com.br\/vicente\/wp-json\/wp\/v2\/categories?post=6594"},{"taxonomy":"post_tag","embeddable":true,"href":"https:\/\/blogs.correiobraziliense.com.br\/vicente\/wp-json\/wp\/v2\/tags?post=6594"}],"curies":[{"name":"wp","href":"https:\/\/api.w.org\/{rel}","templated":true}]}}