{"id":6575,"date":"2017-11-24T17:01:25","date_gmt":"2017-11-24T19:01:25","guid":{"rendered":"https:\/\/blogs.correiobraziliense.com.br\/vicente\/?p=6575"},"modified":"2017-11-24T18:45:16","modified_gmt":"2017-11-24T20:45:16","slug":"presidente-da-oi-renuncia-e-empresa-pode-entrar-em-colapso","status":"publish","type":"post","link":"https:\/\/blogs.correiobraziliense.com.br\/vicente\/presidente-da-oi-renuncia-e-empresa-pode-entrar-em-colapso\/","title":{"rendered":"Presidente da Oi renuncia e empresa pode entrar em colapso"},"content":{"rendered":"<p>O presidente da Oi, Marco Schroeder, renunciou ao cargo nesta sexta-feira, 24. Com isso, s\u00e3o grandes as chances de a empresa de telefonia, que tem d\u00edvidas de mais de R$ 65 bilh\u00f5es, pode entrar em colapso.<\/p>\n<p>&nbsp;<\/p>\n<p>Na carta de ren\u00fancia, Schroeder cobrou o pagamento de R$ 30 milh\u00f5es em b\u00f4nus, sendo que R$ 10 milh\u00f5es devem ser honrados imediatamente, por ter cumprido as metas acertadas h\u00e1 um ano, quando ele assumiu o comando da companhia.<\/p>\n<p><a href=\"https:\/\/blogs.correiobraziliense.com.br\/vicente\/wp-content\/uploads\/sites\/16\/2017\/11\/CartaRenuncia.jpg\" rel=\"attachment wp-att-6579\"><img loading=\"lazy\" decoding=\"async\" class=\"alignnone size-large wp-image-6579\" src=\"https:\/\/blogs.correiobraziliense.com.br\/vicente\/wp-content\/uploads\/sites\/16\/2017\/11\/CartaRenuncia-723x1024.jpg\" alt=\"CartaRenuncia\" width=\"723\" height=\"1024\" srcset=\"https:\/\/blogs.correiobraziliense.com.br\/vicente\/wp-content\/uploads\/sites\/16\/2017\/11\/CartaRenuncia-723x1024.jpg 723w, https:\/\/blogs.correiobraziliense.com.br\/vicente\/wp-content\/uploads\/sites\/16\/2017\/11\/CartaRenuncia-212x300.jpg 212w, https:\/\/blogs.correiobraziliense.com.br\/vicente\/wp-content\/uploads\/sites\/16\/2017\/11\/CartaRenuncia-768x1087.jpg 768w, https:\/\/blogs.correiobraziliense.com.br\/vicente\/wp-content\/uploads\/sites\/16\/2017\/11\/CartaRenuncia-247x350.jpg 247w, https:\/\/blogs.correiobraziliense.com.br\/vicente\/wp-content\/uploads\/sites\/16\/2017\/11\/CartaRenuncia-550x779.jpg 550w, https:\/\/blogs.correiobraziliense.com.br\/vicente\/wp-content\/uploads\/sites\/16\/2017\/11\/CartaRenuncia-230x326.jpg 230w, https:\/\/blogs.correiobraziliense.com.br\/vicente\/wp-content\/uploads\/sites\/16\/2017\/11\/CartaRenuncia.jpg 904w\" sizes=\"auto, (max-width: 723px) 100vw, 723px\" \/><\/a><\/p>\n<p>A guerra dentro da Oi \u00e9 brutal. A disputa entre v\u00e1rios grupos para assumir o controle da empresa est\u00e1 provocando estragos. Um dos grupos mais agressivos \u00e9 liderado por Nelson Tanure, empres\u00e1rio conhecido por entrar em empresas em dificuldades e lev\u00e1-las mais rapidamente \u00e0 fal\u00eancia.<\/p>\n<p>&nbsp;<\/p>\n<p>O governo cogita intervir na Oi, mas tem protelado a decis\u00e3o \u00e0 espera de uma sa\u00edda de mercado. Mas a briga de acionistas dificulta tudo. A ren\u00fancia de\u00a0Schroeder ocorre dias antes\u00a0da assembleia decisiva da empresa, que, provavelmente, vai terminar com a aprova\u00e7\u00e3o do plano de recupera\u00e7\u00e3o judicial que j\u00e1 se arrasta h\u00e1 quase um ano.<\/p>\n<p>&nbsp;<\/p>\n<p>Os cr\u00edticos de Schroeder, com sal\u00e1rio mensal de R$ 300 mil, alegam que ele vinha protelando a conclus\u00e3o da recupera\u00e7\u00e3o judicial o quanto podia. Dizem, ainda, que o executivo estava na Oi desde 2002 \u2014 ele ficou tr\u00eas anos fora da companhia, entre 2011 e 2014. Portanto, foi conivente com todos os desmandos que levaram \u00e0 empresa a situa\u00e7\u00e3o quase falimentar em que se encontra.<\/p>\n<p>&nbsp;<\/p>\n<p>Para os defensores de Schroeder, \u00e9 a guerra de acionistas e interesses escusos que v\u00eam dificultando uma sa\u00edda negociada para a companhia, a maior do mercado em telefonia fixa. Ressaltam ainda que a hist\u00f3ria da Oi, desde a sua cria\u00e7\u00e3o, resultante da fus\u00e3o da Telemar com a Brasil Telecom, est\u00e1 recheada de problemas e falcatruas.<\/p>\n<p>&nbsp;<\/p>\n<p>Na ter\u00e7a-feira, 21, o conselho de Administra\u00e7\u00e3o da Oi aprovou uma proposta que pode resultar em acerto entre os acionistas, o Plan Support Agreement (PSA), retirando desse pr\u00e9-acordo uma aberra\u00e7\u00e3o condenada pelo juiz da 7\u00aa Vara Empresarial, Fernando Viana, e pela Ag\u00eancia Nacional de Telecomunica\u00e7\u00f5es (Anatel). Pelo PSA original, um grupo de acionistas, entre eles, Tanure, receberiam uma taxa antecipada pelo compromisso de capitalizarem a OI. A Anatel avisou que multaria seus diretores em R$ 50 milh\u00f5es caso tal proposta prosperasse.<\/p>\n<p>&nbsp;<\/p>\n<p><em>Bras\u00edlia, 17h01min<\/em><\/p>\n","protected":false},"excerpt":{"rendered":"<p>O presidente da Oi, Marco Schroeder, renunciou ao cargo nesta sexta-feira, 24. Com isso, s\u00e3o grandes as chances de a empresa de telefonia, que tem d\u00edvidas de mais de R$ 65 bilh\u00f5es, pode entrar em colapso. &nbsp; Na carta de ren\u00fancia, Schroeder cobrou o pagamento de R$ 30 milh\u00f5es em b\u00f4nus, sendo que R$ 10 [&hellip;]<\/p>\n","protected":false},"author":22,"featured_media":0,"comment_status":"open","ping_status":"closed","sticky":false,"template":"","format":"standard","meta":{"footnotes":""},"categories":[600],"tags":[2924,2925,145,590,2926],"class_list":["post-6575","post","type-post","status-publish","format-standard","hentry","category-economia","tag-marco-schroeder","tag-nelson","tag-oi","tag-renuncia","tag-tanure"],"_links":{"self":[{"href":"https:\/\/blogs.correiobraziliense.com.br\/vicente\/wp-json\/wp\/v2\/posts\/6575","targetHints":{"allow":["GET"]}}],"collection":[{"href":"https:\/\/blogs.correiobraziliense.com.br\/vicente\/wp-json\/wp\/v2\/posts"}],"about":[{"href":"https:\/\/blogs.correiobraziliense.com.br\/vicente\/wp-json\/wp\/v2\/types\/post"}],"author":[{"embeddable":true,"href":"https:\/\/blogs.correiobraziliense.com.br\/vicente\/wp-json\/wp\/v2\/users\/22"}],"replies":[{"embeddable":true,"href":"https:\/\/blogs.correiobraziliense.com.br\/vicente\/wp-json\/wp\/v2\/comments?post=6575"}],"version-history":[{"count":7,"href":"https:\/\/blogs.correiobraziliense.com.br\/vicente\/wp-json\/wp\/v2\/posts\/6575\/revisions"}],"predecessor-version":[{"id":6583,"href":"https:\/\/blogs.correiobraziliense.com.br\/vicente\/wp-json\/wp\/v2\/posts\/6575\/revisions\/6583"}],"wp:attachment":[{"href":"https:\/\/blogs.correiobraziliense.com.br\/vicente\/wp-json\/wp\/v2\/media?parent=6575"}],"wp:term":[{"taxonomy":"category","embeddable":true,"href":"https:\/\/blogs.correiobraziliense.com.br\/vicente\/wp-json\/wp\/v2\/categories?post=6575"},{"taxonomy":"post_tag","embeddable":true,"href":"https:\/\/blogs.correiobraziliense.com.br\/vicente\/wp-json\/wp\/v2\/tags?post=6575"}],"curies":[{"name":"wp","href":"https:\/\/api.w.org\/{rel}","templated":true}]}}