{"id":6565,"date":"2017-11-23T18:18:05","date_gmt":"2017-11-23T20:18:05","guid":{"rendered":"https:\/\/blogs.correiobraziliense.com.br\/vicente\/?p=6565"},"modified":"2017-11-23T19:34:14","modified_gmt":"2017-11-23T21:34:14","slug":"mudancas-na-previdencia-sacrificam-contas-publicas-diz-caetano","status":"publish","type":"post","link":"https:\/\/blogs.correiobraziliense.com.br\/vicente\/mudancas-na-previdencia-sacrificam-contas-publicas-diz-caetano\/","title":{"rendered":"Mudan\u00e7as na Previd\u00eancia sacrificam contas p\u00fablicas, diz Caetano"},"content":{"rendered":"<h2>ALESSANDRA AZEVEDO<\/h2>\n<h2><\/h2>\n<h2>A\u00a0nova proposta de reforma da Previd\u00eancia, bem mais enxuta, torna mais penoso o projeto de ajuste fiscal. &#8220;A interpreta\u00e7\u00e3o que eu fa\u00e7o \u00e9 que, sim, houve um sacrif\u00edcio nas contas p\u00fablicas&#8221;, declarou ao <strong>Blog<\/strong> o secret\u00e1rio de Previd\u00eancia Social do Minist\u00e9rio da Fazenda, Marcelo Caetano, sobre as mudan\u00e7as no texto da reforma. As altera\u00e7\u00f5es, que diminu\u00edram em R$ 320 bilh\u00f5es a economia esperada com as novas regras de aposentadoria e pens\u00e3o nos pr\u00f3ximos 10 anos, foram anunciadas nesta quarta-feira, 22, pelo relator, deputado Arthur Maia (PPS-BA).<\/h2>\n<p>&nbsp;<\/p>\n<p>Caetano refor\u00e7ou que &#8220;esse sacrif\u00edcio foi focado na prote\u00e7\u00e3o das camadas mais baixas&#8221;. Diante da necessidade de fazer mudan\u00e7as no texto, a escolha do governo foi tirar pontos pol\u00eamicos que prejudicariam os mais pobres e focar as mudan\u00e7as nos que recebem mais. &#8220;A redu\u00e7\u00e3o da economia manteve o foco na equidade, em quebrar privil\u00e9gios&#8221;, garantiu.<\/p>\n<p>&nbsp;<\/p>\n<p>A reforma prev\u00ea idade m\u00ednima de 65 anos para homens e de 62 para mulheres, mas pontos como revis\u00e3o no Benef\u00edcio de Presta\u00e7\u00e3o Continuada (BPC), pago a idosos e deficientes de baixa renda, e cria\u00e7\u00e3o de uma contribui\u00e7\u00e3o previdenci\u00e1ria para trabalhadores rurais foram completamente retirados do texto.<\/p>\n<p>&nbsp;<\/p>\n<p>Al\u00e9m disso, o tempo de contribui\u00e7\u00e3o ficou mantido como \u00e9 hoje para a iniciativa privada, de 15 anos, e reduzido para 25 no servi\u00e7o p\u00fablico. Atualmente, para se aposentar por tempo de contribui\u00e7\u00e3o, um servidor precisa ter completado 35 anos de trabalho, caso seja homem, e 30, no caso das mulheres.<\/p>\n<p>&nbsp;<\/p>\n<p>&#8220;O servidor p\u00fablico j\u00e1 \u00e9 uma categoria que se insere num n\u00edvel de renda um pouco mais elevado. Ele j\u00e1 tem uma facilidade de obter 25 anos, enquanto, no Regime Geral de Previd\u00eancia Social (RGPS), h\u00e1 pessoas que tem mais de dificuldade&#8221;, explicou o secret\u00e1rio.<\/p>\n<p>&nbsp;<\/p>\n<p>Se a reforma passar nos moldes da emenda apresentada pelo relator, o pa\u00eds poder\u00e1 aguentar mais uma d\u00e9cada sem outra revis\u00e3o nas regras previdenci\u00e1rias, avaliou Caetano. \u00c9 poss\u00edvel segurar as mudan\u00e7as no BPC e na aposentadoria rural, na opini\u00e3o dele, desde que as perdas sejam compensadas por outros pontos.<\/p>\n<p>&nbsp;<\/p>\n<p><em>Bras\u00edlia, 18h18min<\/em><\/p>\n","protected":false},"excerpt":{"rendered":"<p>ALESSANDRA AZEVEDO A\u00a0nova proposta de reforma da Previd\u00eancia, bem mais enxuta, torna mais penoso o projeto de ajuste fiscal. &#8220;A interpreta\u00e7\u00e3o que eu fa\u00e7o \u00e9 que, sim, houve um sacrif\u00edcio nas contas p\u00fablicas&#8221;, declarou ao Blog o secret\u00e1rio de Previd\u00eancia Social do Minist\u00e9rio da Fazenda, Marcelo Caetano, sobre as mudan\u00e7as no texto da reforma. As [&hellip;]<\/p>\n","protected":false},"author":22,"featured_media":0,"comment_status":"open","ping_status":"closed","sticky":false,"template":"","format":"standard","meta":{"footnotes":""},"categories":[600],"tags":[13,843,837,429,614],"class_list":["post-6565","post","type-post","status-publish","format-standard","hentry","category-economia","tag-ajuste-fiscal","tag-idade-minima","tag-marcelo-caetano","tag-previdencia","tag-reforma"],"_links":{"self":[{"href":"https:\/\/blogs.correiobraziliense.com.br\/vicente\/wp-json\/wp\/v2\/posts\/6565","targetHints":{"allow":["GET"]}}],"collection":[{"href":"https:\/\/blogs.correiobraziliense.com.br\/vicente\/wp-json\/wp\/v2\/posts"}],"about":[{"href":"https:\/\/blogs.correiobraziliense.com.br\/vicente\/wp-json\/wp\/v2\/types\/post"}],"author":[{"embeddable":true,"href":"https:\/\/blogs.correiobraziliense.com.br\/vicente\/wp-json\/wp\/v2\/users\/22"}],"replies":[{"embeddable":true,"href":"https:\/\/blogs.correiobraziliense.com.br\/vicente\/wp-json\/wp\/v2\/comments?post=6565"}],"version-history":[{"count":3,"href":"https:\/\/blogs.correiobraziliense.com.br\/vicente\/wp-json\/wp\/v2\/posts\/6565\/revisions"}],"predecessor-version":[{"id":6568,"href":"https:\/\/blogs.correiobraziliense.com.br\/vicente\/wp-json\/wp\/v2\/posts\/6565\/revisions\/6568"}],"wp:attachment":[{"href":"https:\/\/blogs.correiobraziliense.com.br\/vicente\/wp-json\/wp\/v2\/media?parent=6565"}],"wp:term":[{"taxonomy":"category","embeddable":true,"href":"https:\/\/blogs.correiobraziliense.com.br\/vicente\/wp-json\/wp\/v2\/categories?post=6565"},{"taxonomy":"post_tag","embeddable":true,"href":"https:\/\/blogs.correiobraziliense.com.br\/vicente\/wp-json\/wp\/v2\/tags?post=6565"}],"curies":[{"name":"wp","href":"https:\/\/api.w.org\/{rel}","templated":true}]}}