{"id":6533,"date":"2017-11-21T16:22:30","date_gmt":"2017-11-21T18:22:30","guid":{"rendered":"https:\/\/blogs.correiobraziliense.com.br\/vicente\/?p=6533"},"modified":"2017-11-21T22:57:37","modified_gmt":"2017-11-22T00:57:37","slug":"casos-de-corrupcao-em-fundos-de-pensao-de-estatais-sao-pontos-fora-da-curva-diz-chefe-da-previc","status":"publish","type":"post","link":"https:\/\/blogs.correiobraziliense.com.br\/vicente\/casos-de-corrupcao-em-fundos-de-pensao-de-estatais-sao-pontos-fora-da-curva-diz-chefe-da-previc\/","title":{"rendered":"Casos de corrup\u00e7\u00e3o em fundos de pens\u00e3o de estatais s\u00e3o pontos fora da curva, diz chefe da Previc"},"content":{"rendered":"<p>ANTONIO TEM\u00d3TEO E PAULO SILVA PINTO<\/p>\n<p>&nbsp;<\/p>\n<p>Os esc\u00e2ndalos recentes de corrup\u00e7\u00e3o nos fundos de pens\u00e3o de estatais s\u00e3o pontos fora da curva, avalia o chefe substituto da Superintend\u00eancia Nacional de Previd\u00eancia Complementar (Previc), F\u00e1bio Coelho. Conforme ele, boa parte das irregularidades identificadas pelo Minist\u00e9rio P\u00fablico Federal (MPF) tiveram com base os autos de infra\u00e7\u00e3o e fiscaliza\u00e7\u00f5es realizadas pelo xerife das entidades fechadas de previd\u00eancia.<\/p>\n<p><a href=\"https:\/\/www.youtube.com\/watch?v=a9iTiHMwxAk\">https:\/\/www.youtube.com\/watch?v=a9iTiHMwxAk<\/a><\/p>\n<p>Em entrevista ao programa <strong>CB.Poder<\/strong>, uma parceria do <strong>Correio Braziliense<\/strong> com a <em>TV Bras\u00edlia<\/em>, Coelho detalhou que aderir a um fundo de pens\u00e3o \u00e9 importante para que o trabalhador que tem uma remunera\u00e7\u00e3o superior ao teto do Instituto Nacional do Seguro Social (INSS), atualmente em R$ 5531,31, n\u00e3o sofra uma perda de renda no momento da aposentadoria.<\/p>\n<p><a href=\"https:\/\/www.youtube.com\/watch?v=VmVEvRweOg4\">https:\/\/www.youtube.com\/watch?v=VmVEvRweOg4<\/a><\/p>\n<p>O processo de queda de juros, explicou o chefe da Previc, trar\u00e1 novos desafios para os fundos de pens\u00e3o. Conforme ele, as entidades fechadas de previd\u00eancia complementar ter\u00e3o de buscar investimentos com maior rentabilidade para bater as metas atuariais, uma vez que os t\u00edtulos p\u00fablicos garantir\u00e3o um retorno menor com a Selic em um d\u00edgito.<\/p>\n","protected":false},"excerpt":{"rendered":"<p>ANTONIO TEM\u00d3TEO E PAULO SILVA PINTO &nbsp; Os esc\u00e2ndalos recentes de corrup\u00e7\u00e3o nos fundos de pens\u00e3o de estatais s\u00e3o pontos fora da curva, avalia o chefe substituto da Superintend\u00eancia Nacional de Previd\u00eancia Complementar (Previc), F\u00e1bio Coelho. Conforme ele, boa parte das irregularidades identificadas pelo Minist\u00e9rio P\u00fablico Federal (MPF) tiveram com base os autos de infra\u00e7\u00e3o [&hellip;]<\/p>\n","protected":false},"author":22,"featured_media":0,"comment_status":"open","ping_status":"closed","sticky":false,"template":"","format":"standard","meta":{"footnotes":""},"categories":[600],"tags":[2909,2801,178,2802,578,251],"class_list":["post-6533","post","type-post","status-publish","format-standard","hentry","category-economia","tag-desvios-de-conduta","tag-fabio-coelho","tag-fundos-de-pensao","tag-governanca","tag-investimentos","tag-previc"],"_links":{"self":[{"href":"https:\/\/blogs.correiobraziliense.com.br\/vicente\/wp-json\/wp\/v2\/posts\/6533","targetHints":{"allow":["GET"]}}],"collection":[{"href":"https:\/\/blogs.correiobraziliense.com.br\/vicente\/wp-json\/wp\/v2\/posts"}],"about":[{"href":"https:\/\/blogs.correiobraziliense.com.br\/vicente\/wp-json\/wp\/v2\/types\/post"}],"author":[{"embeddable":true,"href":"https:\/\/blogs.correiobraziliense.com.br\/vicente\/wp-json\/wp\/v2\/users\/22"}],"replies":[{"embeddable":true,"href":"https:\/\/blogs.correiobraziliense.com.br\/vicente\/wp-json\/wp\/v2\/comments?post=6533"}],"version-history":[{"count":4,"href":"https:\/\/blogs.correiobraziliense.com.br\/vicente\/wp-json\/wp\/v2\/posts\/6533\/revisions"}],"predecessor-version":[{"id":6539,"href":"https:\/\/blogs.correiobraziliense.com.br\/vicente\/wp-json\/wp\/v2\/posts\/6533\/revisions\/6539"}],"wp:attachment":[{"href":"https:\/\/blogs.correiobraziliense.com.br\/vicente\/wp-json\/wp\/v2\/media?parent=6533"}],"wp:term":[{"taxonomy":"category","embeddable":true,"href":"https:\/\/blogs.correiobraziliense.com.br\/vicente\/wp-json\/wp\/v2\/categories?post=6533"},{"taxonomy":"post_tag","embeddable":true,"href":"https:\/\/blogs.correiobraziliense.com.br\/vicente\/wp-json\/wp\/v2\/tags?post=6533"}],"curies":[{"name":"wp","href":"https:\/\/api.w.org\/{rel}","templated":true}]}}