{"id":6519,"date":"2017-11-19T12:01:45","date_gmt":"2017-11-19T14:01:45","guid":{"rendered":"https:\/\/blogs.correiobraziliense.com.br\/vicente\/?p=6519"},"modified":"2017-11-19T13:11:25","modified_gmt":"2017-11-19T15:11:25","slug":"investigacao-do-mp-contra-temer-foi-acodada-diz-novo-diretor-da-pf","status":"publish","type":"post","link":"https:\/\/blogs.correiobraziliense.com.br\/vicente\/investigacao-do-mp-contra-temer-foi-acodada-diz-novo-diretor-da-pf\/","title":{"rendered":"Investiga\u00e7\u00e3o do MP contra Temer foi a\u00e7odada, diz novo diretor da PF"},"content":{"rendered":"<p>ANA DUBEUX<\/p>\n<p>ANA MARIA CAMPOS<\/p>\n<p>LEONARDO CAVALCANTI<\/p>\n<p>RENATO SOUZA<\/p>\n<p>&nbsp;<\/p>\n<h2><em>Assim que o nome do delegado Fernando Seg\u00f3via foi anunciado como o novo diretor-geral da Pol\u00edcia Federal (PF), surgiram as especula\u00e7\u00f5es sobre os motivos da escolha do presidente Michel Temer para a fun\u00e7\u00e3o estrat\u00e9gica na condu\u00e7\u00e3o das investiga\u00e7\u00f5es da Opera\u00e7\u00e3o Lava-Jato. A troca desperta rumores porque justamente o presidente Temer e v\u00e1rios peemedebistas est\u00e3o entre os alvos de investiga\u00e7\u00f5es de desvios milion\u00e1rios. Seg\u00f3via nega vincula\u00e7\u00f5es pol\u00edticas, promete aprofundar o combate \u00e0 corrup\u00e7\u00e3o e garante que o tempo ser\u00e1 a resposta a essas d\u00favidas.<\/em><\/h2>\n<h2><em>Mas ele adota um tom afinado com o que pensa Temer em rela\u00e7\u00e3o a seu principal algoz, o ex-procurador-geral da Rep\u00fablica Rodrigo Janot. Em entrevista ao Correio, diz que a investiga\u00e7\u00e3o que levou \u00e0 den\u00fancia contra Temer, no caso JBS, foi a\u00e7odada e poderia ter sido muito mais bem-feita com tempo e sem vazamentos.\u00a0<\/em><\/h2>\n<h2><em>Seg\u00f3via critica vaidades de procuradores, mas n\u00e3o quer briga com o MP. Pelo contr\u00e1rio. Defende uni\u00e3o no trabalho com a equipe da procuradora-geral atual, Raquel Dodge, com quem j\u00e1 se reuniu. O novo diretor-geral da PF, ali\u00e1s, tamb\u00e9m est\u00e1 em sintonia com uma outra diretriz de Dodge, a de que os \u00f3rg\u00e3os de fiscaliza\u00e7\u00e3o devem se dedicar aos casos de corrup\u00e7\u00e3o, sem se descuidar dos demais temas da seguran\u00e7a p\u00fablica, que estariam renegados em tempos de Lava-Jato.<\/em><\/h2>\n<p>&nbsp;<\/p>\n<figure id=\"attachment_6520\" aria-describedby=\"caption-attachment-6520\" style=\"width: 800px\" class=\"wp-caption alignnone\"><a href=\"https:\/\/blogs.correiobraziliense.com.br\/vicente\/wp-content\/uploads\/sites\/16\/2017\/11\/Segovia1.jpg\" rel=\"attachment wp-att-6520\"><img loading=\"lazy\" decoding=\"async\" class=\"size-full wp-image-6520\" src=\"https:\/\/blogs.correiobraziliense.com.br\/vicente\/wp-content\/uploads\/sites\/16\/2017\/11\/Segovia1.jpg\" alt=\"17\/11\/2017. Credito: Ed Alves\/CB\/D.A. Press. Brasil. Brasilia - DF. Entrevista com diretor-geral da Pol\u00edcia Federal, Fernando Segovia.\" width=\"800\" height=\"534\" srcset=\"https:\/\/blogs.correiobraziliense.com.br\/vicente\/wp-content\/uploads\/sites\/16\/2017\/11\/Segovia1.jpg 800w, https:\/\/blogs.correiobraziliense.com.br\/vicente\/wp-content\/uploads\/sites\/16\/2017\/11\/Segovia1-300x200.jpg 300w, https:\/\/blogs.correiobraziliense.com.br\/vicente\/wp-content\/uploads\/sites\/16\/2017\/11\/Segovia1-768x513.jpg 768w, https:\/\/blogs.correiobraziliense.com.br\/vicente\/wp-content\/uploads\/sites\/16\/2017\/11\/Segovia1-350x234.jpg 350w, https:\/\/blogs.correiobraziliense.com.br\/vicente\/wp-content\/uploads\/sites\/16\/2017\/11\/Segovia1-550x367.jpg 550w, https:\/\/blogs.correiobraziliense.com.br\/vicente\/wp-content\/uploads\/sites\/16\/2017\/11\/Segovia1-230x154.jpg 230w\" sizes=\"auto, (max-width: 800px) 100vw, 800px\" \/><\/a><figcaption id=\"caption-attachment-6520\" class=\"wp-caption-text\">Ed Alves\/CB\/D.A. Press<\/figcaption><\/figure>\n<p>&nbsp;<\/p>\n<p><strong>O que muda na sua gest\u00e3o?<\/strong><\/p>\n<p>Na troca de diretorias, coloquei pelo menos dois delegados da gera\u00e7\u00e3o de 2001, ou seja, que ingressaram naquele ano. Agora estamos tentando colocar mais mulheres nos cargos de diretoria. Mas percebi que n\u00e3o houve prepara\u00e7\u00e3o delas ao longo dos anos. S\u00e3o mulheres supercapacitadas, mas que n\u00e3o tiveram acesso aos cargos de gest\u00e3o. Temos a proposta do empoderamento feminino na Pol\u00edcia Federal. A \u00faltima informa\u00e7\u00e3o que eu tive \u00e9 que o n\u00famero de delegadas representa 20% do efetivo atual.<\/p>\n<p>&nbsp;<\/p>\n<p><strong>Todas as diretorias e superintend\u00eancias ser\u00e3o trocadas?<\/strong><br \/>\nN\u00e3o. Estamos avaliando uma a uma. Existe uma quest\u00e3o fundamental, que \u00e9 a proposta de trabalho. A afinidade com o programa que vamos implementar no Brasil, nas mudan\u00e7as, \u00e9 muito importante. Principalmente de filosofia de trabalho. E \u00e9 l\u00f3gico que vem a quest\u00e3o da confiabilidade. \u00c9 um cargo de absoluta confian\u00e7a. Dependendo do que ocorrer na superintend\u00eancia regional, pode representar at\u00e9 a queda do diretor-geral. Ent\u00e3o, tem que estar alinhado com a filosofia nova, com a perspectiva que a gente vai dar. A cerim\u00f4nia de transmiss\u00e3o do cargo ser\u00e1 na segunda-feira pela manh\u00e3. Ent\u00e3o, segunda \u00e0 tarde e ter\u00e7a-feira ser\u00e3o de reuni\u00f5es com os superintendentes regionais.<\/p>\n<p>&nbsp;<\/p>\n<p><strong>O que muda em rela\u00e7\u00e3o \u00e0 filosofia anterior?<\/strong><br \/>\nNa verdade, s\u00e3o diretrizes que vamos tentar implementar dentro da PF. A pol\u00edcia est\u00e1 um pouco desfocada. E qual seria essa falta de foco? Essa miopia dentro da seguran\u00e7a p\u00fablica como um todo. A gente est\u00e1 olhando muito para baixo. Quando se fala em combate ao tr\u00e1fico de armas, estamos l\u00e1 em baixo, olhando para o fuzil com o traficante do Rio de Janeiro. O ministro da Justi\u00e7a pediu que a gente implementasse o combate ao crime transnacional, que \u00e9 o grande problema no Brasil. As \u00faltimas pol\u00edticas eram voltadas para problemas mais caseiros, sem uma vis\u00e3o mais ampla de seguran\u00e7a p\u00fablica.<\/p>\n<p>&nbsp;<\/p>\n<p><strong>Como assim?<\/strong><\/p>\n<p>Se hoje voc\u00ea perguntar sobre seguran\u00e7a p\u00fablica para 100 brasileiros, todos v\u00e3o dizer que \u00e9 um problema. \u00c9 uma \u00e1rea no pa\u00eds que est\u00e1 de mal a pior. Ent\u00e3o, se a gente n\u00e3o criar parcerias com as pol\u00edcias militares, pol\u00edcias civis, fizer escrit\u00f3rios de for\u00e7a-tarefa, como vamos implementar agora no Rio de Janeiro, ficar\u00e1 dif\u00edcil. Ser\u00e1 criada uma for\u00e7a-tarefa federal, para, a\u00ed sim, criar um ambiente para enfrentar o problema em cada um dos estados. Uma \u00f3tica federal em que a gente teria uma parceria com o Minist\u00e9rio P\u00fablico nos crimes federais e com o MP estadual nos crimes estaduais.<\/p>\n<p>&nbsp;<\/p>\n<p><strong>O ministro da Justi\u00e7a falou de corrup\u00e7\u00e3o na pol\u00edcia do Rio de Janeiro. Concorda com as afirma\u00e7\u00f5es dele?<\/strong><br \/>\nOlha, eu acho que existem problemas na seguran\u00e7a p\u00fablica no pa\u00eds inteiro. A quest\u00e3o de corrup\u00e7\u00e3o dentro da pol\u00edcia \u00e9 fato. \u00c9 algo que est\u00e1 sendo combatido pelas corregedorias. As corregedorias funcionam. Algumas mais fortes, outras mais enfraquecidas. Dentro da Pol\u00edcia Federal, \u00e9 um pilar. Ao longo desses \u00faltimos 20 anos, isso tem dado todo um diferencial no nosso trabalho. Quando voc\u00ea n\u00e3o tem corregedoria forte, a corrup\u00e7\u00e3o e a quebra de hierarquia come\u00e7am a se instalar.<\/p>\n<p>&nbsp;<\/p>\n<p><strong>A corregedoria \u00e9 a \u00fanica dire\u00e7\u00e3o que tem mandato efetivo. O corregedor ser\u00e1 trocado?<\/strong><br \/>\nN\u00e3o. Conversei com o atual corregedor. O que est\u00e1 no cargo atualmente \u00e9 excelente. Ele concordou em permanecer no cargo.<\/p>\n<p>&nbsp;<\/p>\n<p><strong>A estrutura da Lava-Jato ser\u00e1 alterada?<\/strong><br \/>\nA estrutura da opera\u00e7\u00e3o vai se manter. Algumas pessoas podem ser substitu\u00eddas por quest\u00e3o de confiabilidade e quest\u00e3o de alinhamento com o pensamento que vamos implementar nessas opera\u00e7\u00f5es. N\u00f3s precisamos hoje ampliar as investiga\u00e7\u00f5es de combate \u00e0 corrup\u00e7\u00e3o. Mas isso ser\u00e1 feito em conjunto com o Minist\u00e9rio P\u00fablico Federal. A reuni\u00e3o que tive com a doutora Raquel Dodge, que durou mais de tr\u00eas horas, foi justamente para a gente alinhar alguns pensamentos iniciais. Na verdade, era uma visita da cortesia, um caf\u00e9, um aperto de m\u00e3o, que acabou se tornando uma reuni\u00e3o de trabalho por conta dos temas palpitantes.<\/p>\n<p>&nbsp;<\/p>\n<p><strong>Na era Janot, a Pol\u00edcia Federal manteve uma rela\u00e7\u00e3o conflituosa com o MP nas investiga\u00e7\u00f5es que tramitavam no STF?<\/strong><br \/>\nSim, totalmente conflituosa. Esse conflito cria problemas para as investiga\u00e7\u00f5es. Essa parceria tem que ser afinada a tal ponto que os dois, que s\u00e3o os pilares dessa investiga\u00e7\u00e3o preliminar, trabalhem em conjunto. Despindo-se da vaidade, de alguns problemas at\u00e9 interpessoais e pensando no p\u00fablico. No momento em que voc\u00ea para, afasta essa quest\u00e3o da vaidade e realmente entra na atua\u00e7\u00e3o profissional, o trabalho flui.<\/p>\n<p>&nbsp;<\/p>\n<p><strong>O Janot \u00e9 vaidoso?<\/strong><br \/>\nN\u00e3o sei. S\u00f3 sei que ele aparecia muito na m\u00eddia e dava a impress\u00e3o de que queria realmente aparecer. Agora se ele \u00e9 vaidoso ou n\u00e3o\u2026<\/p>\n<p>&nbsp;<\/p>\n<p><strong>Mas n\u00e3o era importante que a lideran\u00e7a do MP mostrasse ao pa\u00eds o que estava ocorrendo?<\/strong><br \/>\nEra importante, sim, se houvesse investiga\u00e7\u00f5es conclu\u00eddas. Eu acredito que houve uma certa pressa ao se encerrar algumas investiga\u00e7\u00f5es. E a gente conclui isso de uma maneira bem simples. S\u00f3 de observar, mesmo n\u00e3o estando dentro da investiga\u00e7\u00e3o. Para quem tem 20 anos de pol\u00edcia, como eu que dou aula dentro da Academia Nacional de Pol\u00edcia. Alguns fatos chamam bastante aten\u00e7\u00e3o.<\/p>\n<p>&nbsp;<\/p>\n<p><strong>Que fatos s\u00e3o esses?<\/strong><br \/>\nPor exemplo, no dia do an\u00fancio, em que a Rede Globo exp\u00f5e ao pa\u00eds as v\u00edsceras da investiga\u00e7\u00e3o, que era numa quarta-feira, voc\u00ea v\u00ea que o Wesley e o Joesley saem do Brasil na segunda-feira, dois dias antes, aplicando dinheiro, fazendo negociatas do mercado\u2026 Para quem foi realmente arrumada essa data dessa opera\u00e7\u00e3o? A quem interessava tanto voc\u00ea colocar uma data t\u00e3o exata para que tudo isso fosse engendrado dessa tal maneira?<\/p>\n<p>&nbsp;<\/p>\n<p><strong>Precisava continuar?<\/strong><br \/>\nL\u00f3gico. Eu acredito que uma investiga\u00e7\u00e3o, especialmente essa, da maneira como estava sendo conduzida\u2026 Era uma \u00fanica mala. A primeira das malas, sem rastreador. Se fosse uma investiga\u00e7\u00e3o da Pol\u00edcia Federal, sem interfer\u00eancia nenhuma, eu garanto que n\u00e3o seria uma investiga\u00e7\u00e3o de um m\u00eas, com uma \u00fanica mala.<\/p>\n<p>&nbsp;<\/p>\n<p><strong>Mas a impress\u00e3o que passa \u00e9 de que quem vazou foi o pr\u00f3prio Joesley\u2026<\/strong><br \/>\nMas este tipo de vazamento pode anular uma dela\u00e7\u00e3o. Existem hoje ministros do STF que dizem que se houver, pode ser anulado. As pessoas perguntam se a PF est\u00e1 blindada. E est\u00e1, pois \u00e9 garantido o sigilo do inqu\u00e9rito. Se mantiver o sigilo das investiga\u00e7\u00f5es, a PF continuar\u00e1 blindada e era isso que deveria ter acontecido.<\/p>\n<p>&nbsp;<\/p>\n<p><strong>Qual foi o motivo desse a\u00e7odamento que o senhor aponta?<\/strong><br \/>\nExatamente o que ocorreu, n\u00e3o tenho informa\u00e7\u00f5es. Mas com toda estranheza do mundo, uma opera\u00e7\u00e3o foi realizada de forma r\u00e1pida, precipitadamente. Em uma rapidez que seria incomum para uma investiga\u00e7\u00e3o dessa natureza, com esse tipo de sensibilidade, do qual o senhor Joesley sabia as datas. Ele sabia porque investiu (no mercado de valores). Voc\u00ea v\u00ea que existe uma precipita\u00e7\u00e3o, um jogo todo est\u00e1 ali por tr\u00e1s, que est\u00e1 havendo alguma coisa que n\u00e3o era natural.<\/p>\n<p>&nbsp;<\/p>\n<p><strong>At\u00e9 que ponto isso n\u00e3o era natural? Essas declara\u00e7\u00f5es s\u00e3o grav\u00edssimas\u2026<\/strong><br \/>\nN\u00e3o \u00e9 uma declara\u00e7\u00e3o. S\u00e3o os fatos que aconteceram. Estou falando de fatos que aconteceram que t\u00eam que ser investigados. O Brasil tem que ser passado a limpo, ele todo. N\u00e3o \u00e9 uma quest\u00e3o de uma pessoa ou outra. N\u00e3o \u00e9 porque o doutor Janot fez a\u00e7\u00f5es em prol do pa\u00eds, que estavam certas, eram um momento pol\u00edtico delicado e que precisavam ser feitas. Mas eu acredito que ele tem que esclarecer esses fatos tamb\u00e9m. O acusador tem que ser transparente, mais do que todos.<\/p>\n<p>&nbsp;<\/p>\n<blockquote><p>&#8220;O Brasil tem que ser passado a limpo, ele todo&#8221;<\/p><\/blockquote>\n<p>&nbsp;<\/p>\n<p><strong>O procurador Marcelo Miller saiu do Minist\u00e9rio P\u00fablico e foi trabalhar em um acordo de dela\u00e7\u00e3o premiada da JBS. O senhor acha que isso contaminou o trabalho do procurador-geral?<\/strong><br \/>\nOlha, as a\u00e7\u00f5es da procuradoria tamb\u00e9m precisam ser verificadas. H\u00e1 investiga\u00e7\u00f5es sendo feitas agora e tudo isso vai aparecer futuramente. Neste exato momento, prefiro aguardar as investiga\u00e7\u00f5es porque n\u00e3o gosto de fazer especula\u00e7\u00f5es.<\/p>\n<p>&nbsp;<\/p>\n<p><strong>O presidente Michel Temer especulou que o procurador-geral Janot teria recebido dinheiro. Quando o senhor foi convidado, houve um pedido para que isso seja investigado?<\/strong><br \/>\nEu acredito que o presidente queira solu\u00e7\u00f5es para todos os casos. O brasileiro quer que todos esses fatos sejam esclarecidos. O presidente n\u00e3o me perguntou sobre esse assunto. Falamos de outros fatos, sobre seguran\u00e7a p\u00fablica, sobre uma pol\u00edcia forte e republicana. O principal papel da Pol\u00edcia Federal \u00e9 n\u00e3o ter nenhum tipo de atua\u00e7\u00e3o pol\u00edtica. Qualquer desvirtuamento de uma investiga\u00e7\u00e3o, para qualquer lado que seja, \u00e9 perigoso para a democracia e perigoso para o pa\u00eds. Esse foi o teor da conversa com o presidente Michel Temer. Ele disse que n\u00f3s precisamos reestruturar a Pol\u00edcia Federal e coloc\u00e1-la nos trilhos da constitucionalidade e da legalidade, sempre com foco na busca da verdade real. E \u00e9 isso que vamos fazer, doa em quem doer.<\/p>\n<p>&nbsp;<\/p>\n<p><strong>Na \u00faltima gest\u00e3o, n\u00e3o era assim?<\/strong><br \/>\nFoi um pedido que ele fez acreditando que essa \u00e9 a Pol\u00edcia Federal de que o Brasil precisa. N\u00f3s n\u00e3o trabalhamos com fatos e ila\u00e7\u00f5es. Todos os fatos que vierem e suscitarem investiga\u00e7\u00f5es para qualquer tipo de desvio ser\u00e3o apurados. Se chegar a not\u00edcia de influ\u00eancias pol\u00edticas, n\u00f3s vamos apurar. N\u00f3s temos muito trabalho a ser feito. N\u00f3s temos tr\u00e1fico de armas no pa\u00eds, temos tr\u00e1fico de drogas, temos amea\u00e7as terroristas no mundo inteiro. N\u00f3s temos que nos preparar para coisas maiores. A corrup\u00e7\u00e3o \u00e9 um problema gigantesco que temos que enfrentar. Mas n\u00e3o vamos correr atr\u00e1s de suposi\u00e7\u00f5es, de teorias de conspira\u00e7\u00e3o.<\/p>\n<p>&nbsp;<\/p>\n<p><strong>A Pol\u00edcia Federal tem estrutura para todas essas a\u00e7\u00f5es atualmente? Precisa de mais gente?<\/strong><br \/>\nQuanto mais gente tiver, melhor. Desde quando eu era superintendente, caminhamos com objetivos claros e dentro da capacidade de trabalho. \u00c9 imposs\u00edvel combater todos os crimes com 11 mil homens. Temos que cuidar de diversas \u00e1reas, fora as atividades administrativas, como passaporte e seguran\u00e7a privada.<\/p>\n<p>&nbsp;<\/p>\n<blockquote><p>&#8220;A corrup\u00e7\u00e3o \u00e9 um problema gigantesco que temos que enfrentar. Mas n\u00e3o vamos correr atr\u00e1s de suposi\u00e7\u00f5es, de teorias de conspira\u00e7\u00e3o&#8221;<\/p><\/blockquote>\n<p>&nbsp;<\/p>\n<p><strong>Na Lava-Jato, os delegados e agentes reclamavam que estavam sem condi\u00e7\u00f5es de pagar di\u00e1rias para viagens das investiga\u00e7\u00f5es. Isso vai ser resolvido?<\/strong><br \/>\nNa verdade, a PF n\u00e3o tem esse problema. Na reuni\u00e3o de transi\u00e7\u00e3o, foi passado que o or\u00e7amento para este ano est\u00e1 resolvido e para o ano que vem, j\u00e1 foi recomposto.<\/p>\n<p>&nbsp;<\/p>\n<p><strong>Ent\u00e3o isso \u00e9 alguma press\u00e3o de grupos dentro da PF?<\/strong><br \/>\nAcredito que seja algu\u00e9m querendo desestabilizar de alguma maneira a rela\u00e7\u00e3o entre a Pol\u00edcia Federal e o governo federal. A nossa transpar\u00eancia com o Minist\u00e9rio da Justi\u00e7a e com a Presid\u00eancia da Rep\u00fablica ser\u00e1 a maior poss\u00edvel. Eu at\u00e9 cheguei a fazer uma declara\u00e7\u00e3o de que precisamos de concurso p\u00fablico. Temos um deficit dentro da corpora\u00e7\u00e3o e seria necess\u00e1rio contratar mais para melhorar nossa capacidade. Tem pessoal nosso que est\u00e1 na fronteira h\u00e1 mais de cinco anos, algo que \u00e9 muito desgastante.<\/p>\n<p>&nbsp;<\/p>\n<p><strong>E esse pedido ser\u00e1 atendido?<\/strong><br \/>\nEle disse que pensaria. \u00c9 um bom sinal, pois abrimos um canal de di\u00e1logo.<\/p>\n<p>&nbsp;<\/p>\n<p><strong>No Rio de Janeiro, vemos o ex-governador S\u00e9rgio Cabral preso e agora a opera\u00e7\u00e3o da PF contra membros da Assembleia Legislativa. Muita gente acredita que as afirma\u00e7\u00f5es do ministro da Justi\u00e7a, Torquato Jardim, s\u00e3o reais. Realmente o poder no Rio est\u00e1 contaminado pelo crime organizado?<\/strong><br \/>\nNosso trabalho dentro dessa investiga\u00e7\u00e3o \u00e9 s\u00e9rio. Temos profissionais de alto gabarito realizando esse trabalho no Rio de Janeiro. Se vemos que est\u00e3o sendo investigados membros do Tribunal de Contas, com pris\u00f5es, tendo aval da Justi\u00e7a, realmente existem ind\u00edcios de crimes neste momento.<\/p>\n<p>&nbsp;<\/p>\n<figure id=\"attachment_6521\" aria-describedby=\"caption-attachment-6521\" style=\"width: 800px\" class=\"wp-caption alignnone\"><a href=\"https:\/\/blogs.correiobraziliense.com.br\/vicente\/wp-content\/uploads\/sites\/16\/2017\/11\/Segovia2.jpg\" rel=\"attachment wp-att-6521\"><img loading=\"lazy\" decoding=\"async\" class=\"size-full wp-image-6521\" src=\"https:\/\/blogs.correiobraziliense.com.br\/vicente\/wp-content\/uploads\/sites\/16\/2017\/11\/Segovia2.jpg\" alt=\"17\/11\/2017. Credito: Ed Alves\/CB\/D.A. Press. Brasil. Brasilia - DF. Entrevista com diretor-geral da Pol\u00edcia Federal, Fernando Segovia.\" width=\"800\" height=\"534\" srcset=\"https:\/\/blogs.correiobraziliense.com.br\/vicente\/wp-content\/uploads\/sites\/16\/2017\/11\/Segovia2.jpg 800w, https:\/\/blogs.correiobraziliense.com.br\/vicente\/wp-content\/uploads\/sites\/16\/2017\/11\/Segovia2-300x200.jpg 300w, https:\/\/blogs.correiobraziliense.com.br\/vicente\/wp-content\/uploads\/sites\/16\/2017\/11\/Segovia2-768x513.jpg 768w, https:\/\/blogs.correiobraziliense.com.br\/vicente\/wp-content\/uploads\/sites\/16\/2017\/11\/Segovia2-350x234.jpg 350w, https:\/\/blogs.correiobraziliense.com.br\/vicente\/wp-content\/uploads\/sites\/16\/2017\/11\/Segovia2-550x367.jpg 550w, https:\/\/blogs.correiobraziliense.com.br\/vicente\/wp-content\/uploads\/sites\/16\/2017\/11\/Segovia2-230x154.jpg 230w\" sizes=\"auto, (max-width: 800px) 100vw, 800px\" \/><\/a><figcaption id=\"caption-attachment-6521\" class=\"wp-caption-text\">Ed Alves\/CB\/D.A. Press<\/figcaption><\/figure>\n<p>&nbsp;<\/p>\n<p><strong>O deputado Picciani chegou a desafiar o ministro da Justi\u00e7a e acabou preso. Foi uma resposta?<\/strong><br \/>\nN\u00e3o trabalhamos com essas briguinhas. Trabalhamos com fatos. Temos que trabalhar construindo provas. N\u00e3o adianta chegar com suposi\u00e7\u00f5es na Justi\u00e7a.<\/p>\n<p>&nbsp;<\/p>\n<p><strong>O caso do reitor da Universidade de Santa Catarina, Luiz Carlos Cancellier, que foi preso sem ter sido indiciado e acabou se matando, foi um erro da PF?<\/strong><br \/>\nInfelizmente foi um caso tr\u00e1gico. Foi muito mais do que uma li\u00e7\u00e3o para membros da pol\u00edcia e do Poder Judici\u00e1rio. A delegada (Erika Marena) que estava conduzindo a investiga\u00e7\u00e3o \u00e9 experiente e respeitada dentro da PF.<\/p>\n<p>&nbsp;<\/p>\n<p><strong>Inclusive ela foi a mais votada na lista tr\u00edplice dos delegados para a dire\u00e7\u00e3o-geral&#8230;<\/strong><br \/>\nHouve uma vota\u00e7\u00e3o dentro da associa\u00e7\u00e3o dos delegados, da qual ela foi a mais votada. Mas foi uma vota\u00e7\u00e3o totalmente at\u00edpica, pois n\u00e3o tinha nenhum dos delegados da administra\u00e7\u00e3o. Foi mais uma elei\u00e7\u00e3o sindical.<\/p>\n<p>&nbsp;<\/p>\n<p><strong>A delegada Erika Marena errou neste caso do reitor?<\/strong><br \/>\nEu acredito que ela est\u00e1 pensando muito se eram necess\u00e1rios todos aqueles passos. Mas, se houver qualquer tipo de questionamento quanto \u00e0 conduta dela, vamos apurar dentro da corregedoria. Qualquer outra afirma\u00e7\u00e3o agora \u00e9 especula\u00e7\u00e3o. Mas qualquer d\u00favida que seja levantada pela fam\u00edlia ou advogado ser\u00e1 investigada.<\/p>\n<p>&nbsp;<\/p>\n<p><strong>Por que o Brasil chegou a esse cen\u00e1rio de corrup\u00e7\u00e3o que temos hoje?<\/strong><br \/>\nTalvez por justamente n\u00e3o ser de praxe investir na transpar\u00eancia, especialmente dentro do servi\u00e7o p\u00fablico. V\u00e1rios mecanismos que vemos em outras democracias poderiam ser aplicados no Brasil. Um exemplo \u00e9 o financiamento de campanha, que chegou a se discutir, mas agora afundou.<\/p>\n<p>&nbsp;<\/p>\n<p><strong>Quando o senhor fala em ampliar as investiga\u00e7\u00f5es, seria em n\u00edvel internacional?<\/strong><br \/>\nSim. Inclusive tive contato com alguns embaixadores. Vamos fazer reuni\u00f5es aqui no Brasil e no exterior. Vamos ampliar o trabalho de intelig\u00eancia. N\u00e3o adianta prender, desmantelar quadrilha sem trabalho de intelig\u00eancia.<\/p>\n<p>&nbsp;<\/p>\n<p><strong>O senhor disse que o foco est\u00e1 voltado para baixo. O que o senhor pensa em rela\u00e7\u00e3o \u00e0 descriminaliza\u00e7\u00e3o das drogas? O Estado perde tempo investigando traficantes menores e acaba n\u00e3o indo na origem do problema?<\/strong><br \/>\nEstamos fazendo uma opera\u00e7\u00e3o no Paran\u00e1 prendendo justamente uma grande quadrilha de entorpecentes. Esse \u00e9 o foco da PF. Se voc\u00ea me pergunta se eu sou a favor ou n\u00e3o da descriminaliza\u00e7\u00e3o, digo que sou um servidor p\u00fablico, um policial, que tem o dever de cumprir a lei. Se a sociedade disser que \u00e9 crime, n\u00f3s vamos combater. Se n\u00e3o for crime, v\u00e3o continuar fazendo o que quiserem.<\/p>\n<p>&nbsp;<\/p>\n<p><strong>O crime organizado \u00e9 o maior desafio da PF hoje?<\/strong><br \/>\nSim. Tanto o combate \u00e0s organiza\u00e7\u00f5es criminosas nacionais quanto \u00e0s internacionais. Drogas que v\u00e3o para a Europa e para outros continentes passam por aqui. Somos um corredor para escoamento da droga e o segundo maior consumidor de drogas.<\/p>\n<p>&nbsp;<\/p>\n<p><strong>O nome do senhor foi uma indica\u00e7\u00e3o do ex-presidente Jos\u00e9 Sarney ou do ministro Eliseu Padilha? Foi uma indica\u00e7\u00e3o pol\u00edtica?<\/strong><br \/>\nEu conversei com v\u00e1rias pessoas para entender de onde partiu a minha indica\u00e7\u00e3o. Eu acho que o ex-presidente Sarney at\u00e9 seria um dos meus algozes, que n\u00e3o queria que eu estivesse sentado nesta cadeira na Pol\u00edcia Federal. Nos quatro anos em que eu estive no Maranh\u00e3o, n\u00e3o tive nenhum encontro com ele. Vim conhec\u00ea-lo aqui em um congresso, em 2013 ou 2014. Quando eu cheguei ao estado, o governador era o Jackson Lago. Ao chegar no Maranh\u00e3o, o doutor Luiz Fernando, que me convidou na \u00e9poca, me chamou para conversar e com o Leandro Daiello que era chefe da Coordena\u00e7\u00e3o-Geral de Pol\u00edcia Fazend\u00e1ria, aqui em Bras\u00edlia. O Daiello foi convidado para assumir S\u00e3o Paulo e eu, a PF no Maranh\u00e3o. Aquela unidade estava com problemas de estrutura e com profissionais desmotivados. Eu aceitei como um desafio. Miss\u00e3o dada \u00e9 miss\u00e3o cumprida. Foi a mesma coisa que eu falei agora.<\/p>\n<p>&nbsp;<\/p>\n<p><strong>Em S\u00e3o Lu\u00eds, o senhor morou em uma casa de um amigo de Sarney?<\/strong><br \/>\nEu fiquei procurando casa quando cheguei em S\u00e3o Lu\u00eds, em duas imobili\u00e1rias que me apresentaram. Olhei um monte de casas e, no fim, gostei de uma, assinei o contrato, paguei normalmente o boleto banc\u00e1rio.<\/p>\n<p>&nbsp;<\/p>\n<p><strong>Foi um aluguel normal?<\/strong><br \/>\nEu j\u00e1 forneci at\u00e9 a c\u00f3pia do contrato, tenho o extrato de todos os pagamentos. Isso \u00e9 coisa de quem tenta me destruir, meus inimigos internos que n\u00e3o querem a Pol\u00edcia Federal unida. Fico tranquilo.<\/p>\n<p>&nbsp;<\/p>\n<p><strong>S\u00e3o influ\u00eancias pol\u00edticas?<\/strong><br \/>\nCom certeza. O enfraquecimento da Pol\u00edcia Federal ajudaria muita gente.<\/p>\n<p>&nbsp;<\/p>\n<p><strong>Como ser\u00e1 a rela\u00e7\u00e3o da PF com o Minist\u00e9rio da Justi\u00e7a agora?<\/strong><br \/>\nMaravilhosa.<\/p>\n<p>&nbsp;<\/p>\n<p><strong>Mas nem sempre foi assim\u2026<\/strong><br \/>\nEu acredito nas palavras do pr\u00f3prio ministro da Justi\u00e7a, que \u00e9 professor de direito constitucional da UnB, da qual eu sou egresso, que a Pol\u00edcia Federal tem uma independ\u00eancia muito grande na quest\u00e3o judicial. \u00c9 a Pol\u00edcia Judici\u00e1ria da Uni\u00e3o. E faz parte da pol\u00edtica de seguran\u00e7a p\u00fablica na qual o Minist\u00e9rio da Justi\u00e7a \u00e9 o grande gestor. Existem campanhas e pol\u00edticas de seguran\u00e7a que o minist\u00e9rio tem que gerir.<\/p>\n<p>&nbsp;<\/p>\n<p><strong>O senhor \u00e9 a favor da PEC 412, que prev\u00ea a autonomia da PF?<\/strong><br \/>\nAssim que fui nomeado, eu me reuni com diversas associa\u00e7\u00f5es e sindicatos. Ficou acertado que todas as propostas que forem unanimidade entre essas entidades ser\u00e3o apoiadas pela dire\u00e7\u00e3o da Pol\u00edcia Federal.<\/p>\n<p>&nbsp;<\/p>\n<p><strong>Mas a PEC \u00e9 uma bandeira dos delegados que \u00e9 combatida por agentes e escriv\u00e3es\u2026<\/strong><br \/>\nSe voc\u00ea perguntar aos agentes, papiloscopistas e peritos, existem pessoas que acham que a autonomia \u00e9 boa e vi\u00e1vel. Talvez eles n\u00e3o gostem desse projeto. Ent\u00e3o penso que o que tem que se discutir s\u00e3o as ideias.<\/p>\n<p>&nbsp;<\/p>\n<p><strong>Existe uma dificuldade em se unir os integrantes da PF. \u00c9 poss\u00edvel colocar agentes, escriv\u00e3es e delegados do mesmo lado?<\/strong><br \/>\nEu acredito que houve uma inten\u00e7\u00e3o, at\u00e9 pr\u00e9-ordenada de haver essa cis\u00e3o interna. Algumas pessoas foram plantadas para fazer essa divis\u00e3o.<\/p>\n<p>&nbsp;<\/p>\n<p><strong>Plantadas no sindicato ou na pr\u00f3pria dire\u00e7\u00e3o?<\/strong><br \/>\nN\u00e3o gosto de especular. Mas existem pessoas que acreditavam que, se houvesse esse tipo de cis\u00e3o, seria uma forma de dividir para governar. E conseguiram, de certa forma. Houve um tempo que conseguiram desunir as carreiras. Essas pessoas, hoje, tenho sentido dentro da Pol\u00edcia Federal, que, se n\u00e3o entrarem em um processo correto de realinhamento e uni\u00e3o, v\u00e3o ficar escanteadas.<\/p>\n<p>&nbsp;<\/p>\n<p><strong>A PF sempre foi uma institui\u00e7\u00e3o respeitada. O combate \u00e0 corrup\u00e7\u00e3o ajudou a estabelecer a confian\u00e7a da sociedade na institui\u00e7\u00e3o. Mudar o foco agora n\u00e3o poder\u00e1 ser visto como um recuo nos objetivos da pol\u00edcia?<\/strong><br \/>\nEu acredito que n\u00e3o, porque n\u00f3s n\u00e3o vamos recuar. Essa \u00e9 a grande diferen\u00e7a. Inclusive, vamos ampliar. Os cr\u00edticos falam: \u201cDuvido, colocaram ele l\u00e1 para acabar com a Lava-Jato\u201d. O que voc\u00ea mais v\u00ea em m\u00eddia social \u00e9 esse tipo de coment\u00e1rio. Eu falo que n\u00e3o tenho que responder nada a ningu\u00e9m. Vou responder com a\u00e7\u00f5es e as a\u00e7\u00f5es \u00e9 que v\u00e3o dizer o que a Pol\u00edcia Federal \u00e9 e o que vai ser daqui para frente.<\/p>\n<p>&nbsp;<\/p>\n<p><strong>D\u00e1, ent\u00e3o, para unir a classe?<\/strong><br \/>\nMais de 90% do nosso pessoal, inclusive aposentados, est\u00e3o mandando mensagens dizendo que querem voltar a trabalhar, s\u00f3 de eu acenar essa campanha de uni\u00e3o, trabalho em conjunto, equipe, de respeito interno de todos. Essa rixa foi aumentando a tal ponto que, na campanha para a associa\u00e7\u00e3o dos delegados, em 2013, da qual resolvi participar, percebemos que isso estava indo para um lado de acirramento interno. A conversa que se tinha dentro da Pol\u00edcia Federal era de que uma hora haveria um desastre, uma troca de tiros entre delegados e agentes.<\/p>\n<p>&nbsp;<\/p>\n<p><strong>Como o senhor avalia a decis\u00e3o do STF de autorizar a pris\u00e3o a partir de condena\u00e7\u00e3o em segunda inst\u00e2ncia?<\/strong><br \/>\nTodo mundo fala que eu sou muito pol\u00edtico, extremamente envolvido na pol\u00edtica, mas eu n\u00e3o sou pol\u00edtico. Eu n\u00e3o fa\u00e7o pol\u00edtica e n\u00e3o gostaria de me manifestar at\u00e9 porque o STF vai decidir esse assunto. A gente vai cumprir a lei e vai continuar prendendo, executando os mandados conforme as determina\u00e7\u00f5es judiciais.<\/p>\n<p>&nbsp;<\/p>\n<p><strong>Em rela\u00e7\u00e3o ao poder de investiga\u00e7\u00e3o do MP, o senhor acha que, quando o MP atua sozinho, a investiga\u00e7\u00e3o pode falhar? \u00c9 importante que exista a participa\u00e7\u00e3o da Pol\u00edcia Federal?<\/strong><br \/>\nCom certeza. A PF \u00e9 especializada em investiga\u00e7\u00e3o criminal. \u00c9 o nosso cerne, nosso \u00e2mago, n\u00f3s nascemos policiais. O cara que faz concurso para promotor, procurador tem outro vi\u00e9s muito mais jur\u00eddico do que o nosso. O policial tem que ter aquela veia investigativa, voc\u00ea sente que o policial foi feito para aquilo, \u00e9 muito maior do que uma veia jur\u00eddica. A voca\u00e7\u00e3o \u00e9 a diferen\u00e7a. Quando voc\u00ea v\u00ea um policial vocacionado, percebe a din\u00e2mica. \u00c9 o que a gente brinca l\u00e1 dentro, tem 30% da pol\u00edcia que n\u00e3o para. Voc\u00ea fala e o cara n\u00e3o para, est\u00e1 virando noite, ouvindo (escutas). Mas h\u00e1 os vocacionados em qualquer profiss\u00e3o.<\/p>\n<p>&nbsp;<\/p>\n<p><strong>Policiais dizem que o MP prioriza investiga\u00e7\u00f5es de repercuss\u00e3o e as outras, igualmente importantes, mas sem repercuss\u00e3o, deixam para a pol\u00edcia investigar&#8230;<\/strong><br \/>\n\u00c0 \u00e9poca, inclusive, da discuss\u00e3o da PEC 37, da qual eu era representante da PF, no Congresso Nacional, e depois na mesa de negocia\u00e7\u00e3o do Minist\u00e9rio da Justi\u00e7a, esse era um dos pontos que a gente levantava. A gente falava: n\u00f3s n\u00e3o temos gente suficiente para investigar todos os crimes que acontecem no pa\u00eds, voc\u00eas, muito menos. Nem quantidade, nem equipe, mas n\u00f3s \u00e9 que temos as equipes de investiga\u00e7\u00e3o. Querer brincar com o fil\u00e9 mignon e largar o osso para a Pol\u00edcia Federal n\u00e3o \u00e9 justo. Eu acho que n\u00e3o \u00e9 nem por quest\u00e3o de quem quer escolher investiga\u00e7\u00e3o. Eu acho que \u00e9 parceria, essa parceria tem que acontecer em todos os est\u00e1gios, em todas as investiga\u00e7\u00f5es.<\/p>\n<p>&nbsp;<\/p>\n<p><strong>N\u00e3o ter sido o primeiro nome do ministro da Justi\u00e7a criou uma saia justa para o senhor?<\/strong><br \/>\nSinceramente, n\u00e3o. Foi uma escolha pessoal do presidente. Ele me chamou para conversar, me ouviu, no Pal\u00e1cio do Planalto por mais de duas horas. A gente conversou sobre seguran\u00e7a p\u00fablica, pois ele foi secret\u00e1rio de seguran\u00e7a p\u00fablica. Ele queria saber minha vis\u00e3o da PF, o que eu achava que precisava fazer e qual seria o foco da seguran\u00e7a p\u00fablica. O que eu poderia fazer pela institui\u00e7\u00e3o. Depois, o ministro da Justi\u00e7a me ligou falando para ir ao gabinete dele. Eu fui e tamb\u00e9m conversamos por mais de duas horas. No fim, ele falou: o presidente da Rep\u00fablica lhe convidou para assumir a PF e agora, depois dessa entrevista, o senhor tem o meu aval.<\/p>\n<p>&nbsp;<\/p>\n<p><strong>Ent\u00e3o, o presidente da Rep\u00fablica acha que a Pol\u00edcia Federal fugiu do foco em alguns momentos?<\/strong><br \/>\nSim. Ele pediu para voltar a uma vis\u00e3o mais republicana.<\/p>\n<p>&nbsp;<\/p>\n<p><strong>E o senhor concorda?<\/strong><br \/>\nEu acredito que houve deslizes ao longo do caminho, que a gente vai trabalhar, intensamente. Ser\u00e1 um foco central.<\/p>\n<p>&nbsp;<\/p>\n<p><strong>Nas investiga\u00e7\u00f5es conduzidas pela PGR, com o foro do Supremo, houve erros da Pol\u00edcia Federal?<\/strong><br \/>\nIsso s\u00f3 apurando caso a caso. Se houver algum tipo de informa\u00e7\u00e3o, a gente vai apurar, uma a uma. Em algumas investiga\u00e7\u00f5es, a gente tinha participa\u00e7\u00e3o, em outras, n\u00e3o.<\/p>\n<p>&nbsp;<\/p>\n<p><strong>A Carne Fraca tamb\u00e9m \u00e9 exemplo de uma condu\u00e7\u00e3o midi\u00e1tica?<\/strong><br \/>\nEu diria que talvez tenha faltado avalia\u00e7\u00e3o dos riscos da opera\u00e7\u00e3o. A maneira que foi anunciada por parte da comunica\u00e7\u00e3o&#8230; Houve alguns erros.<\/p>\n<p>&nbsp;<\/p>\n<p><strong>\u00c9 poss\u00edvel que a Pol\u00edcia Federal atue no combate \u00e0s \u201cfake news\u201d nas elei\u00e7\u00f5es do ano que vem?<\/strong><br \/>\nVamos trabalhar. N\u00f3s temos muita gente capacitada, v\u00e1rios peritos de inform\u00e1tica, uma equipe muito grande que trabalha nessa \u00e1rea. Agora, a gente tem que se preparar. Se \u00e9 um crime que vai acontecer no pa\u00eds, n\u00f3s temos que estar \u00e0 frente. Temos que nos preparar e se antecipar para, quando come\u00e7ar o processo eleitoral, n\u00f3s termos todas as ferramentas para debelar esse tipo de crime.<\/p>\n<p>&nbsp;<\/p>\n<p><strong>O ex-procurador-geral Rodrigo Janot entrou com a\u00e7\u00e3o no STF para impedir a PF de fechar dela\u00e7\u00f5es. A PF tem compet\u00eancia para fazer esses acordos?<\/strong><br \/>\nTem. Isso inclusive est\u00e1 na lei. Essa era uma vis\u00e3o do ex-procurador-geral. N\u00f3s discordamos disso. Todos n\u00f3s somos profissionais do direito e estamos nos defendendo no Supremo. Eu j\u00e1 conversei inclusive com a doutora Raquel Dodge que essa quest\u00e3o n\u00e3o deveria ser ajuizada. A PF deveria sentar com o Minist\u00e9rio P\u00fablico e tratar disso internamente. Todas as institui\u00e7\u00f5es que combatem a criminalidade no Brasil devem se unir.<\/p>\n<p>&nbsp;<\/p>\n<p><strong>O senhor est\u00e1 otimista em rela\u00e7\u00e3o a isso?<\/strong><br \/>\nSim, estou. Eu sou otimista, sen\u00e3o nem seria policial, n\u00e3o acreditaria no Brasil nem encararia o desafio de combater o crime organizado.<\/p>\n<p>&nbsp;<\/p>\n<p><strong>Filho de Bras\u00edlia<\/strong><\/p>\n<p><em>Fernando Queiroz Seg\u00f3via Oliveira, 48 anos, \u00e9 um t\u00edpico cidad\u00e3o brasiliense. Cresceu na Asa Sul, estudou em col\u00e9gios tradicionais dos anos 1980, como La Salle e Objetivo e gostava de \u2014 e ainda adora \u2014 jogar bola nos campos de futebol entre as quadras residenciais. Filho de funcion\u00e1rios p\u00fablicos, nasceu na capital em janeiro de 1969, quando a cidade ainda se firmava como o centro do poder. J\u00e1 falecido, o pai, Izael Seg\u00f3via Oliveira, foi chefe da Seguran\u00e7a do Itamaraty, o que levou a fam\u00edlia a passar uma temporada em Portugal. A m\u00e3e, Malva de Jesus Queiroz Oliveira, \u00e9 professora da rede p\u00fablica aposentada e chegou a exercer o cargo de secret\u00e1ria de Educa\u00e7\u00e3o do DF no governo de Wanderley Vallim, em 1990. Ela, que teve outros dois filhos \u2014 o primog\u00eanito morreu ao cair de um pr\u00e9dio no N\u00facleo Bandeirante \u2014, gosta de contar que Fernando veio ao mundo pelas m\u00e3os do obstetra Egino Sarto, sobrinho do Papa Paulo VI. O novo diretor-geral da Pol\u00edcia Federal entrou na Universidade de Bras\u00edlia (UnB) aos 16 anos. Quase cursou medicina, influenciado pela fam\u00edlia, mas achou que n\u00e3o tinha muita voca\u00e7\u00e3o para passar a vida dentro de hospitais. No vestibular, foi aprovado na UnB, Ceub e UDF, mas optou pela universidade p\u00fablica porque teria como professores nomes gabaritados da \u00e1rea jur\u00eddica, como ministros dos tribunais superiores. Na UnB, fez amigos de toda a vida, como o tamb\u00e9m delegado Sandro Avelar e o ministro do STJ Sebasti\u00e3o Reis. Do primeiro casamento, teve Isabela, de 20 anos, e Isadora, 16, mas ele diz considerar Luana, 13, como a ca\u00e7ula das tr\u00eas. A menina \u00e9 filha de Tatiana Kalil, sua mulher, com o tamb\u00e9m delegado da PF R\u00f4mulo Berredo. Corintiano, ele \u00e9 f\u00e3 de s\u00e9ries policiais da Netflix. Futebol e pol\u00edcia, ali\u00e1s, s\u00e3o seus temas preferidos.<\/em><\/p>\n<p>&nbsp;<\/p>\n<p>Bras\u00edlia, 12h01min<\/p>\n","protected":false},"excerpt":{"rendered":"<p>ANA DUBEUX ANA MARIA CAMPOS LEONARDO CAVALCANTI RENATO SOUZA &nbsp; Assim que o nome do delegado Fernando Seg\u00f3via foi anunciado como o novo diretor-geral da Pol\u00edcia Federal (PF), surgiram as especula\u00e7\u00f5es sobre os motivos da escolha do presidente Michel Temer para a fun\u00e7\u00e3o estrat\u00e9gica na condu\u00e7\u00e3o das investiga\u00e7\u00f5es da Opera\u00e7\u00e3o Lava-Jato. A troca desperta rumores [&hellip;]<\/p>\n","protected":false},"author":22,"featured_media":0,"comment_status":"open","ping_status":"closed","sticky":false,"template":"","format":"standard","meta":{"footnotes":""},"categories":[600],"tags":[2407,2738,2906,509,2405,2498,2905,125],"class_list":["post-6519","post","type-post","status-publish","format-standard","hentry","category-economia","tag-federal","tag-fernando","tag-investigacoes","tag-jbs","tag-michel","tag-policia","tag-segovia","tag-temer"],"_links":{"self":[{"href":"https:\/\/blogs.correiobraziliense.com.br\/vicente\/wp-json\/wp\/v2\/posts\/6519","targetHints":{"allow":["GET"]}}],"collection":[{"href":"https:\/\/blogs.correiobraziliense.com.br\/vicente\/wp-json\/wp\/v2\/posts"}],"about":[{"href":"https:\/\/blogs.correiobraziliense.com.br\/vicente\/wp-json\/wp\/v2\/types\/post"}],"author":[{"embeddable":true,"href":"https:\/\/blogs.correiobraziliense.com.br\/vicente\/wp-json\/wp\/v2\/users\/22"}],"replies":[{"embeddable":true,"href":"https:\/\/blogs.correiobraziliense.com.br\/vicente\/wp-json\/wp\/v2\/comments?post=6519"}],"version-history":[{"count":2,"href":"https:\/\/blogs.correiobraziliense.com.br\/vicente\/wp-json\/wp\/v2\/posts\/6519\/revisions"}],"predecessor-version":[{"id":6523,"href":"https:\/\/blogs.correiobraziliense.com.br\/vicente\/wp-json\/wp\/v2\/posts\/6519\/revisions\/6523"}],"wp:attachment":[{"href":"https:\/\/blogs.correiobraziliense.com.br\/vicente\/wp-json\/wp\/v2\/media?parent=6519"}],"wp:term":[{"taxonomy":"category","embeddable":true,"href":"https:\/\/blogs.correiobraziliense.com.br\/vicente\/wp-json\/wp\/v2\/categories?post=6519"},{"taxonomy":"post_tag","embeddable":true,"href":"https:\/\/blogs.correiobraziliense.com.br\/vicente\/wp-json\/wp\/v2\/tags?post=6519"}],"curies":[{"name":"wp","href":"https:\/\/api.w.org\/{rel}","templated":true}]}}