{"id":6517,"date":"2017-11-18T01:02:25","date_gmt":"2017-11-18T03:02:25","guid":{"rendered":"https:\/\/blogs.correiobraziliense.com.br\/vicente\/?p=6517"},"modified":"2017-11-19T01:07:19","modified_gmt":"2017-11-19T03:07:19","slug":"no-brasil-do-atraso-o-julgamento-e-pela-cor","status":"publish","type":"post","link":"https:\/\/blogs.correiobraziliense.com.br\/vicente\/no-brasil-do-atraso-o-julgamento-e-pela-cor\/","title":{"rendered":"No Brasil do atraso, o julgamento \u00e9 pela cor"},"content":{"rendered":"<h2>\u00bb Secret\u00e1rio especial de Pol\u00edticas de Igualdade Racial, Juvenal Ara\u00fajo afirma que, sem pol\u00edticas afirmativas consistentes, dificilmente o pa\u00eds conseguir\u00e1 se livrar da praga do racismo. \u201cAs pessoas continuar\u00e3o sendo julgadas pela cor. O racismo tem tent\u00e1culos\u201d, afirma.<\/h2>\n<p>&nbsp;<\/p>\n<p><strong>A\u00e7\u00e3o nas periferias<\/strong><\/p>\n<p>&nbsp;<\/p>\n<p>\u00bb Ara\u00fajo diz ser inaceit\u00e1vel que trabalhadores negros e pardos continuem recebendo, na m\u00e9dia, metade dos sal\u00e1rios pagos aos brancos. Para ele, esse quadro s\u00f3 mudar\u00e1 quando houver uma forte interven\u00e7\u00e3o no sistema de educa\u00e7\u00e3o nas periferias das grandes cidades, onde est\u00e1 a maioria dos jovens negros.<\/p>\n<p>&nbsp;<\/p>\n<p><strong>Viol\u00eancia inaceit\u00e1vel<\/strong><\/p>\n<p>&nbsp;<\/p>\n<p>\u00bb N\u00e3o s\u00e3o apenas as desigualdades no mercado de trabalho que assustam. A cor est\u00e1 associada \u00e0 viol\u00eancia. Juvenal Ara\u00fajo ressalta que um jovem negro morre a cada 23 minutos. De cada 10 v\u00edtimas de feminic\u00eddio, sete s\u00e3o mulheres negras. No caso de viol\u00eancia sexual, 60% s\u00e3o de mulheres negras.<\/p>\n<p>&nbsp;<\/p>\n<p><em>Bras\u00edlia, 01h02min<\/em><\/p>\n","protected":false},"excerpt":{"rendered":"<p>\u00bb Secret\u00e1rio especial de Pol\u00edticas de Igualdade Racial, Juvenal Ara\u00fajo afirma que, sem pol\u00edticas afirmativas consistentes, dificilmente o pa\u00eds conseguir\u00e1 se livrar da praga do racismo. \u201cAs pessoas continuar\u00e3o sendo julgadas pela cor. O racismo tem tent\u00e1culos\u201d, afirma. &nbsp; A\u00e7\u00e3o nas periferias &nbsp; \u00bb Ara\u00fajo diz ser inaceit\u00e1vel que trabalhadores negros e pardos continuem recebendo, [&hellip;]<\/p>\n","protected":false},"author":22,"featured_media":0,"comment_status":"open","ping_status":"closed","sticky":false,"template":"","format":"standard","meta":{"footnotes":""},"categories":[600],"tags":[2904,1208,2903,1448,122,33],"class_list":["post-6517","post","type-post","status-publish","format-standard","hentry","category-economia","tag-brancos","tag-negros","tag-pardos","tag-racismo","tag-salarios","tag-violencia"],"_links":{"self":[{"href":"https:\/\/blogs.correiobraziliense.com.br\/vicente\/wp-json\/wp\/v2\/posts\/6517","targetHints":{"allow":["GET"]}}],"collection":[{"href":"https:\/\/blogs.correiobraziliense.com.br\/vicente\/wp-json\/wp\/v2\/posts"}],"about":[{"href":"https:\/\/blogs.correiobraziliense.com.br\/vicente\/wp-json\/wp\/v2\/types\/post"}],"author":[{"embeddable":true,"href":"https:\/\/blogs.correiobraziliense.com.br\/vicente\/wp-json\/wp\/v2\/users\/22"}],"replies":[{"embeddable":true,"href":"https:\/\/blogs.correiobraziliense.com.br\/vicente\/wp-json\/wp\/v2\/comments?post=6517"}],"version-history":[{"count":1,"href":"https:\/\/blogs.correiobraziliense.com.br\/vicente\/wp-json\/wp\/v2\/posts\/6517\/revisions"}],"predecessor-version":[{"id":6518,"href":"https:\/\/blogs.correiobraziliense.com.br\/vicente\/wp-json\/wp\/v2\/posts\/6517\/revisions\/6518"}],"wp:attachment":[{"href":"https:\/\/blogs.correiobraziliense.com.br\/vicente\/wp-json\/wp\/v2\/media?parent=6517"}],"wp:term":[{"taxonomy":"category","embeddable":true,"href":"https:\/\/blogs.correiobraziliense.com.br\/vicente\/wp-json\/wp\/v2\/categories?post=6517"},{"taxonomy":"post_tag","embeddable":true,"href":"https:\/\/blogs.correiobraziliense.com.br\/vicente\/wp-json\/wp\/v2\/tags?post=6517"}],"curies":[{"name":"wp","href":"https:\/\/api.w.org\/{rel}","templated":true}]}}