{"id":6515,"date":"2017-11-19T01:01:21","date_gmt":"2017-11-19T03:01:21","guid":{"rendered":"https:\/\/blogs.correiobraziliense.com.br\/vicente\/?p=6515"},"modified":"2017-11-19T01:01:21","modified_gmt":"2017-11-19T03:01:21","slug":"coluna-no-correio-temer-uma-candidatura-em-gestacao","status":"publish","type":"post","link":"https:\/\/blogs.correiobraziliense.com.br\/vicente\/coluna-no-correio-temer-uma-candidatura-em-gestacao\/","title":{"rendered":"Coluna no Correio: Temer, uma candidatura em gesta\u00e7\u00e3o"},"content":{"rendered":"<h2>Como diz um dos ministros mais pr\u00f3ximos do presidente Michel Temer: \u201cNada na pol\u00edtica \u00e9 certo. Tudo muda ao sabor das mar\u00e9s\u201d. Ele se refere \u00e0 possibilidade de o peemedebista disputar a reelei\u00e7\u00e3o \u00e0 Presid\u00eancia em 2018. Hoje, ressalta o ministro, uma candidatura de Temer est\u00e1 descartada. N\u00e3o haveria como enfrentar tanto tiroteio, com imagens de den\u00fancias, de grava\u00e7\u00f5es com o empres\u00e1rio Joesley Batista, de mala de dinheiro carregada por Rodrigo Rocha Loures. At\u00e9 junho, por\u00e9m, quando as conven\u00e7\u00f5es de partidos definir\u00e3o os nomes da disputa, o quadro ser\u00e1 outro, sobretudo se a economia retomar o f\u00f4lego e o desemprego cair com mais for\u00e7a. Nesse ambiente, Temer teria como confrontar os advers\u00e1rios.<\/h2>\n<p>&nbsp;<\/p>\n<p>No entorno do presidente, a orienta\u00e7\u00e3o, por agora, \u00e9 jogar uma ducha de \u00e1gua fria em qualquer movimento pr\u00f3-candidatura \u00e0 reelei\u00e7\u00e3o. Mas h\u00e1 todo um roteiro tra\u00e7ado caso Temer decida partir para a briga por mais quatro anos de mandato. Na ponta do l\u00e1pis, o mesmo ministro mostra que a taxa de desemprego, atualmente em 12,4%, cair\u00e1 para um d\u00edgito ainda no primeiro semestre de 2018, podendo ficar entre 8,5% e 9%. \u201cNossa estimativa \u00e9 de que pelo menos quatro milh\u00f5es de vagas sejam abertas ao longo dos pr\u00f3ximos meses. N\u00e3o se trata de otimismo. Desde maio, o n\u00famero de desocupados caiu de 14,1 milh\u00f5es para 12,9 milh\u00f5es. Isso, com uma economia muito fraca\u201d, ressalta.<\/p>\n<p>&nbsp;<\/p>\n<p>A perspectiva dentro do governo \u00e9 de que a economia crescer\u00e1 lentamente, mas de forma sustentada. A aposta \u00e9 de que, j\u00e1 no primeiro trimestre de 2018, o avan\u00e7o do Produto Interno Bruto (PIB) estar\u00e1 girando em torno de 3% quando anualizado. Tal proje\u00e7\u00e3o se baseia, sobretudo, no impacto da forte redu\u00e7\u00e3o da taxa b\u00e1sica de juros (Selic). O governo tem dados indicando que os efeitos da pol\u00edtica monet\u00e1ria ainda n\u00e3o se materializam por completo na economia. O cr\u00e9dito continua travado, principalmente para as empresas, que n\u00e3o conseguiram reequacionar as d\u00edvidas na mesma velocidade das fam\u00edlias.<\/p>\n<p>&nbsp;<\/p>\n<p>\u201cEsse pilar do cr\u00e9dito ainda n\u00e3o deu sua contribui\u00e7\u00e3o para a retomada do PIB. Quando os bancos se sentirem mais confort\u00e1veis para emprestar, n\u00e3o h\u00e1 d\u00favida que veremos um novo impulso na atividade. Ser\u00e1 uma nova onda do consumo, mas bem mais sustentada\u201d, explica um t\u00e9cnico da equipe econ\u00f4mica. Ele ressalta que, ao se darem conta de que o crescimento da economia \u00e9 irrevers\u00edvel, os empres\u00e1rios atender\u00e3o aos apelos do governo e voltar\u00e3o a investir. \u201cO roteiro est\u00e1 tra\u00e7ado\u201d, diz.<\/p>\n<p>&nbsp;<\/p>\n<p><strong>Articula\u00e7\u00e3o<\/strong><\/p>\n<p>&nbsp;<\/p>\n<p>Mesmo que n\u00e3o venha a ser candidato \u00e0 reelei\u00e7\u00e3o, Temer tem certeza de que, com a economia fortalecida, ser\u00e1 um player importante na defini\u00e7\u00e3o dos candidatos a sua sucess\u00e3o. \u201cO Planalto ainda n\u00e3o tem um candidato. Isso s\u00f3 ser\u00e1 definido em meados do ano que vem\u201d, afirma um aliado do presidente. Ele reconhece que, por mais afinidade que o peemedebista tenha com o ministro da Fazenda, Henrique Meirelles, ainda n\u00e3o h\u00e1 uma disposi\u00e7\u00e3o clara de Temer em apoi\u00e1-lo. \u201cO presidente avaliar\u00e1 todas as alian\u00e7as. Meirelles \u00e9 um bom nome e, certamente, defender\u00e1 o legado do governo. Mas temos que avaliar outras alternativas. Isso ficar\u00e1 claro nos pr\u00f3ximos meses\u201d, acrescenta.<\/p>\n<p>&nbsp;<\/p>\n<p>Para o presidente, antes de fechar quest\u00e3o em rela\u00e7\u00e3o \u00e0s elei\u00e7\u00f5es de 2018, \u00e9 preciso, primeiro, pavimentar o caminho para a aprova\u00e7\u00e3o da reforma da Previd\u00eancia. Na avalia\u00e7\u00e3o de Temer, o tamanho das alian\u00e7as \u00e0 sucess\u00e3o ao Planalto ser\u00e1 proporcional aos resultados das vota\u00e7\u00f5es na C\u00e2mara e no Senado. \u201cO jogo est\u00e1 amarrado. O presidente sabe at\u00e9 aonde pode ir\u201d, enfatiza o mesmo aliado. Ele acredita que, se o Planalto acertar nas escolhas para a reforma ministerial, o fortalecimento de Temer como articulador de uma candidatura de consenso entre os partidos da base ser\u00e1 inevit\u00e1vel.<\/p>\n<p>&nbsp;<\/p>\n<p>\u201cSe tivermos calma para esperar, a chance de o candidato de Temer sair vitorioso das urnas ser\u00e1 grande. Estamos confiantes de que, j\u00e1 nas primeiras pesquisas de 2018, a popularidade do presidente vai melhorar. O que mais temos ouvido nas ruas \u00e9 que as coisas est\u00e3o melhorando. Devagar, mas est\u00e3o melhorando\u201d, diz o aliado do presidente. \u201cEm algum momento, isso vai aparecer nas pesquisas. Pode escrever isso\u201d, diz.<\/p>\n<p>&nbsp;<\/p>\n<p><em>Bras\u00edlia, 00h54min<\/em><\/p>\n","protected":false},"excerpt":{"rendered":"<p>Como diz um dos ministros mais pr\u00f3ximos do presidente Michel Temer: \u201cNada na pol\u00edtica \u00e9 certo. Tudo muda ao sabor das mar\u00e9s\u201d. Ele se refere \u00e0 possibilidade de o peemedebista disputar a reelei\u00e7\u00e3o \u00e0 Presid\u00eancia em 2018. Hoje, ressalta o ministro, uma candidatura de Temer est\u00e1 descartada. N\u00e3o haveria como enfrentar tanto tiroteio, com imagens [&hellip;]<\/p>\n","protected":false},"author":22,"featured_media":0,"comment_status":"open","ping_status":"closed","sticky":false,"template":"","format":"standard","meta":{"footnotes":""},"categories":[600],"tags":[489,845,113,589,665,58,125],"class_list":["post-6515","post","type-post","status-publish","format-standard","hentry","category-economia","tag-489","tag-candidatura","tag-crescimento","tag-economia","tag-eleicoes","tag-pib","tag-temer"],"_links":{"self":[{"href":"https:\/\/blogs.correiobraziliense.com.br\/vicente\/wp-json\/wp\/v2\/posts\/6515","targetHints":{"allow":["GET"]}}],"collection":[{"href":"https:\/\/blogs.correiobraziliense.com.br\/vicente\/wp-json\/wp\/v2\/posts"}],"about":[{"href":"https:\/\/blogs.correiobraziliense.com.br\/vicente\/wp-json\/wp\/v2\/types\/post"}],"author":[{"embeddable":true,"href":"https:\/\/blogs.correiobraziliense.com.br\/vicente\/wp-json\/wp\/v2\/users\/22"}],"replies":[{"embeddable":true,"href":"https:\/\/blogs.correiobraziliense.com.br\/vicente\/wp-json\/wp\/v2\/comments?post=6515"}],"version-history":[{"count":1,"href":"https:\/\/blogs.correiobraziliense.com.br\/vicente\/wp-json\/wp\/v2\/posts\/6515\/revisions"}],"predecessor-version":[{"id":6516,"href":"https:\/\/blogs.correiobraziliense.com.br\/vicente\/wp-json\/wp\/v2\/posts\/6515\/revisions\/6516"}],"wp:attachment":[{"href":"https:\/\/blogs.correiobraziliense.com.br\/vicente\/wp-json\/wp\/v2\/media?parent=6515"}],"wp:term":[{"taxonomy":"category","embeddable":true,"href":"https:\/\/blogs.correiobraziliense.com.br\/vicente\/wp-json\/wp\/v2\/categories?post=6515"},{"taxonomy":"post_tag","embeddable":true,"href":"https:\/\/blogs.correiobraziliense.com.br\/vicente\/wp-json\/wp\/v2\/tags?post=6515"}],"curies":[{"name":"wp","href":"https:\/\/api.w.org\/{rel}","templated":true}]}}