{"id":6494,"date":"2017-11-14T13:10:33","date_gmt":"2017-11-14T15:10:33","guid":{"rendered":"https:\/\/blogs.correiobraziliense.com.br\/vicente\/?p=6494"},"modified":"2017-11-14T15:51:18","modified_gmt":"2017-11-14T17:51:18","slug":"montadoras-querem-ipi-menor-no-programa-rota-2030","status":"publish","type":"post","link":"https:\/\/blogs.correiobraziliense.com.br\/vicente\/montadoras-querem-ipi-menor-no-programa-rota-2030\/","title":{"rendered":"Montadoras querem IPI menor no programa Rota 2030"},"content":{"rendered":"<p class=\"p1\">ANTONIO TEM\u00d3TEO<\/p>\n<p class=\"p1\">O presidente Michel Temer recebeu ontem, no Pal\u00e1cio do Planalto, representantes das principais montadoras de ve\u00edculos do pa\u00eds para tratar da regulamenta\u00e7\u00e3o do programa automotivo Rota 2030. O novo projeto deve substituir o Inovar Auto, que termina em dezembro deste ano. Conforme o presidente da Associa\u00e7\u00e3o Nacional dos Fabricantes de Ve\u00edculos Automotores (Anfavea), Ant\u00f4nio Megale, a tend\u00eancia \u00e9 que o imposto seja reduzido. A medida n\u00e3o conta com a simpatia do Minist\u00e9rio da Fazenda.<\/p>\n<p class=\"p1\">Regale ainda detalhou que a10. O Inovar-Auto, que termina no final deste ano, foi considerado fora das regras pela Organiza\u00e7\u00e3o Mundial do Com\u00e9rcio por diferenciar ve\u00edculos produzidos no Brasil e importados. O governo da ex-presidente Dilma Rousseff decidiu sobre<span class=\"s1\">taxas em 30% os autom\u00f3veis importantes at\u00e9 que as empresas se instalassem no pa\u00eds. A medida foi contestada na Organiza\u00e7\u00e3o Mundial do Com\u00e9rcio.<\/span><\/p>\n<p class=\"p1\">O programa em debate, explicou o presidente da Anfavea, \u00e9 uma evolu\u00e7\u00e3o dos pontos positivos do Inovar Auto e n\u00e3o deve estimular aumento ou redu\u00e7\u00e3o dos pre\u00e7os dos autom\u00f3veis. Ele afirmou ainda que os incentivos do novo projeto devem priorizar a capacidade industrial j\u00e1 instalada no pa\u00eds e iniciativas de aumento da efici\u00eancia energ\u00e9tica e seguran\u00e7a dos ve\u00edculos para aumentar economia de combust\u00edvel e reduzir emiss\u00e3o de CO2 (g\u00e1s carb\u00f4nico).<\/p>\n<p class=\"p1\">Durante o encontro, a Anfavea apresentou um balan\u00e7o com sinais de recupera\u00e7\u00e3o da ind\u00fastria automotiva e demonstrou o apoio do setor \u00e0s reformas empreendidas pelo governo, em especial \u00e0 da Previd\u00eancia, para \u201cconsolidar a previsibilidade\u201d e capacidade de atrair investidores e gerar empregos e renda.<\/p>\n","protected":false},"excerpt":{"rendered":"<p>ANTONIO TEM\u00d3TEO O presidente Michel Temer recebeu ontem, no Pal\u00e1cio do Planalto, representantes das principais montadoras de ve\u00edculos do pa\u00eds para tratar da regulamenta\u00e7\u00e3o do programa automotivo Rota 2030. O novo projeto deve substituir o Inovar Auto, que termina em dezembro deste ano. Conforme o presidente da Associa\u00e7\u00e3o Nacional dos Fabricantes de Ve\u00edculos Automotores (Anfavea), [&hellip;]<\/p>\n","protected":false},"author":22,"featured_media":0,"comment_status":"open","ping_status":"closed","sticky":false,"template":"","format":"standard","meta":{"footnotes":""},"categories":[600],"tags":[2893,467,2895,2894],"class_list":["post-6494","post","type-post","status-publish","format-standard","hentry","category-economia","tag-anfavea","tag-governo","tag-ipi","tag-rota-2030"],"_links":{"self":[{"href":"https:\/\/blogs.correiobraziliense.com.br\/vicente\/wp-json\/wp\/v2\/posts\/6494","targetHints":{"allow":["GET"]}}],"collection":[{"href":"https:\/\/blogs.correiobraziliense.com.br\/vicente\/wp-json\/wp\/v2\/posts"}],"about":[{"href":"https:\/\/blogs.correiobraziliense.com.br\/vicente\/wp-json\/wp\/v2\/types\/post"}],"author":[{"embeddable":true,"href":"https:\/\/blogs.correiobraziliense.com.br\/vicente\/wp-json\/wp\/v2\/users\/22"}],"replies":[{"embeddable":true,"href":"https:\/\/blogs.correiobraziliense.com.br\/vicente\/wp-json\/wp\/v2\/comments?post=6494"}],"version-history":[{"count":2,"href":"https:\/\/blogs.correiobraziliense.com.br\/vicente\/wp-json\/wp\/v2\/posts\/6494\/revisions"}],"predecessor-version":[{"id":6496,"href":"https:\/\/blogs.correiobraziliense.com.br\/vicente\/wp-json\/wp\/v2\/posts\/6494\/revisions\/6496"}],"wp:attachment":[{"href":"https:\/\/blogs.correiobraziliense.com.br\/vicente\/wp-json\/wp\/v2\/media?parent=6494"}],"wp:term":[{"taxonomy":"category","embeddable":true,"href":"https:\/\/blogs.correiobraziliense.com.br\/vicente\/wp-json\/wp\/v2\/categories?post=6494"},{"taxonomy":"post_tag","embeddable":true,"href":"https:\/\/blogs.correiobraziliense.com.br\/vicente\/wp-json\/wp\/v2\/tags?post=6494"}],"curies":[{"name":"wp","href":"https:\/\/api.w.org\/{rel}","templated":true}]}}