{"id":6470,"date":"2017-11-12T08:25:25","date_gmt":"2017-11-12T10:25:25","guid":{"rendered":"https:\/\/blogs.correiobraziliense.com.br\/vicente\/?p=6470"},"modified":"2017-11-12T13:00:16","modified_gmt":"2017-11-12T15:00:16","slug":"agriculta-quer-criar-autarquia-para-fiscalizar-producao-de-alimentos","status":"publish","type":"post","link":"https:\/\/blogs.correiobraziliense.com.br\/vicente\/agriculta-quer-criar-autarquia-para-fiscalizar-producao-de-alimentos\/","title":{"rendered":"Agriculta quer criar autarquia para fiscalizar produ\u00e7\u00e3o de alimentos"},"content":{"rendered":"<h2>ANDRESSA PAULINO<\/h2>\n<h2><\/h2>\n<h2>A Opera\u00e7\u00e3o Carne Fraca, deflagrada pela Pol\u00edcia Federal em mar\u00e7o deste ano, foi positiva para a moderniza\u00e7\u00e3o do modelo de defesa agropecu\u00e1ria e inspe\u00e7\u00e3o sanit\u00e1ria no Brasil, afirmou o secret\u00e1rio de Defesa Agropecu\u00e1ria do Minist\u00e9rio da Agricultura, Pecu\u00e1ria e Abastecimento (Mapa), Lu\u00eds Rangel, em entrevista ao programa CB.Poder, parceria entre a <em>TV Bras\u00edlia<\/em> e o <strong>Correio<\/strong>.<\/h2>\n<p>&nbsp;<\/p>\n<p><a href=\"https:\/\/www.youtube.com\/watch?v=fZ7V3wegn1o\">https:\/\/www.youtube.com\/watch?v=fZ7V3wegn1o<\/a><\/p>\n<p>&nbsp;<\/p>\n<p>Segundo Rangel, \u00e9 preciso promover a defesa agropecu\u00e1ria como autoridade nacional e estabelecer uma cadeia de controle da qual a secretaria tenha comando, sem interfer\u00eancia pol\u00edtica. \u201cEstamos trabalhando em um novo modelo de autarquia, nos moldes da Receita Federal\u201d, comentou. \u201cOs custos ser\u00e3o basicamente zero. N\u00e3o ser\u00e1 preciso contratar mais pessoas, mas criar ferramentas de gest\u00e3o.\u201d<\/p>\n<p>&nbsp;<\/p>\n<p><a href=\"https:\/\/www.youtube.com\/watch?v=k4SLPKY3cNA\">https:\/\/www.youtube.com\/watch?v=k4SLPKY3cNA<\/a><\/p>\n<p>&nbsp;<\/p>\n<p>Rangel tamb\u00e9m afirmou que a carne brasileira \u00e9 100% segura, e que, mesmo com os esc\u00e2ndalos envolvendo a JBS e a Opera\u00e7\u00e3o Carne Fraca, o mercado de importa\u00e7\u00e3o est\u00e1 99% recuperado. \u201cApenas tr\u00eas pa\u00edses dos 168 que compram nossa carne ainda n\u00e3o voltaram a adquiri-la\u201d, destacou. \u201cNo caso da R\u00fassia, a negocia\u00e7\u00e3o tem sido um pouco dif\u00edcil, j\u00e1 que, muitas vezes, eles gostam de barganhar sobre aspectos t\u00e9cnicos\u201d, analisou. O pa\u00eds europeu adotou restri\u00e7\u00f5es contra seis frigor\u00edficos brasileiros na semana passada.<\/p>\n<p>&nbsp;<\/p>\n<p>Mesmo com a confian\u00e7a na qualidade da carne, aspectos como a fiscaliza\u00e7\u00e3o sem o selo do Servi\u00e7o de Inspe\u00e7\u00e3o Federal (SIF) deixam o consumidor apreensivo. \u201cEstamos tentando promover a fiscaliza\u00e7\u00e3o solid\u00e1ria\u201d, disse Rangel. \u201cUma das ferramentas s\u00e3o os aplicativos mobile, com os quais qualquer pessoa poder\u00e1 verificar itens como rastreabilidade e conformidade da empresa\u201d, explicou o secret\u00e1rio.<\/p>\n<p>&nbsp;<\/p>\n<p>Uma opera\u00e7\u00e3o do Mapa realizada durante a Semana Santa constatou que 70% dos azeites de oliva vendidos no pa\u00eds s\u00e3o fraudados. \u201cEstamos consumindo \u00f3leo misturado com azeite\u201d, afirmou Rangel. Um dos indicadores para identificar produto adulterado \u00e9 o pre\u00e7o. \u201cUm azeite importado n\u00e3o custa menos de R$ 10. Se estiver abaixo desse valor, pode ter sido misturado com outras subst\u00e2ncias aqui no Brasil\u201d, disse.<\/p>\n<p>&nbsp;<\/p>\n<p><em>Bras\u00edlia, 08h25min<\/em><\/p>\n","protected":false},"excerpt":{"rendered":"<p>ANDRESSA PAULINO A Opera\u00e7\u00e3o Carne Fraca, deflagrada pela Pol\u00edcia Federal em mar\u00e7o deste ano, foi positiva para a moderniza\u00e7\u00e3o do modelo de defesa agropecu\u00e1ria e inspe\u00e7\u00e3o sanit\u00e1ria no Brasil, afirmou o secret\u00e1rio de Defesa Agropecu\u00e1ria do Minist\u00e9rio da Agricultura, Pecu\u00e1ria e Abastecimento (Mapa), Lu\u00eds Rangel, em entrevista ao programa CB.Poder, parceria entre a TV Bras\u00edlia [&hellip;]<\/p>\n","protected":false},"author":22,"featured_media":0,"comment_status":"open","ping_status":"closed","sticky":false,"template":"","format":"standard","meta":{"footnotes":""},"categories":[600],"tags":[2297,2874,2876,2709,252,2875,8],"class_list":["post-6470","post","type-post","status-publish","format-standard","hentry","category-economia","tag-agricultura","tag-autarquia","tag-carne-fraca","tag-cb-poder","tag-fiscalizacao","tag-luis-rangel","tag-receita-federal"],"_links":{"self":[{"href":"https:\/\/blogs.correiobraziliense.com.br\/vicente\/wp-json\/wp\/v2\/posts\/6470","targetHints":{"allow":["GET"]}}],"collection":[{"href":"https:\/\/blogs.correiobraziliense.com.br\/vicente\/wp-json\/wp\/v2\/posts"}],"about":[{"href":"https:\/\/blogs.correiobraziliense.com.br\/vicente\/wp-json\/wp\/v2\/types\/post"}],"author":[{"embeddable":true,"href":"https:\/\/blogs.correiobraziliense.com.br\/vicente\/wp-json\/wp\/v2\/users\/22"}],"replies":[{"embeddable":true,"href":"https:\/\/blogs.correiobraziliense.com.br\/vicente\/wp-json\/wp\/v2\/comments?post=6470"}],"version-history":[{"count":2,"href":"https:\/\/blogs.correiobraziliense.com.br\/vicente\/wp-json\/wp\/v2\/posts\/6470\/revisions"}],"predecessor-version":[{"id":6475,"href":"https:\/\/blogs.correiobraziliense.com.br\/vicente\/wp-json\/wp\/v2\/posts\/6470\/revisions\/6475"}],"wp:attachment":[{"href":"https:\/\/blogs.correiobraziliense.com.br\/vicente\/wp-json\/wp\/v2\/media?parent=6470"}],"wp:term":[{"taxonomy":"category","embeddable":true,"href":"https:\/\/blogs.correiobraziliense.com.br\/vicente\/wp-json\/wp\/v2\/categories?post=6470"},{"taxonomy":"post_tag","embeddable":true,"href":"https:\/\/blogs.correiobraziliense.com.br\/vicente\/wp-json\/wp\/v2\/tags?post=6470"}],"curies":[{"name":"wp","href":"https:\/\/api.w.org\/{rel}","templated":true}]}}