{"id":6464,"date":"2017-11-10T12:15:17","date_gmt":"2017-11-10T14:15:17","guid":{"rendered":"https:\/\/blogs.correiobraziliense.com.br\/vicente\/?p=6464"},"modified":"2017-11-10T13:30:11","modified_gmt":"2017-11-10T15:30:11","slug":"inflacao-de-brasilia-e-quase-o-dobro-da-media-nacional","status":"publish","type":"post","link":"https:\/\/blogs.correiobraziliense.com.br\/vicente\/inflacao-de-brasilia-e-quase-o-dobro-da-media-nacional\/","title":{"rendered":"Infla\u00e7\u00e3o de Bras\u00edlia \u00e9 quase o dobro da m\u00e9dia nacional"},"content":{"rendered":"<h2>HAMILTON FERRARI<\/h2>\n<h2><\/h2>\n<h2>Os brasilienses t\u00eam toda raz\u00e3o em reclamar da alta dos pre\u00e7os. Dados divulgados nesta sexta-feira pelo Instituto Brasileiro de Geografia e Estat\u00edstica (IBGE) mostram que a infla\u00e7\u00e3o acumulada nos 12 meses terminados em outubro no Distrito Federal atingiu 4,12%, quase o dobro da m\u00e9dia nacional, de 2,70%.<\/h2>\n<p>&nbsp;<\/p>\n<p>O DF, segundo o IBGE, foi a \u00fanica unidade da Federa\u00e7\u00e3o a registrar infla\u00e7\u00e3o em 12 meses acima de 4%. O custo de vida foi puxado, principalmente, pelos pre\u00e7os dos combust\u00edveis e pelas tarifas de energia el\u00e9trica. Houve, de acordo com o IBGE, eleva\u00e7\u00e3o do PIS e da Confins sobre os combust\u00edveis e sobre as contas de luz.<\/p>\n<p>&nbsp;<\/p>\n<p>Em outubro, especificamente, a infla\u00e7\u00e3o em Bras\u00edlia atingiu 0,48%, tamb\u00e9m acima da m\u00e9dia nacional, de 0,42%. No acumulado de janeiro a outubro, o IPCA local cravou 2,68%, contra 2,21% do pa\u00eds. Diante desses n\u00fameros, fica f\u00e1cil entender o porqu\u00ea das reclama\u00e7\u00f5es das donas de casa que v\u00e3o \u00e0s compras.<\/p>\n<p>&nbsp;<\/p>\n<p>N\u00e3o h\u00e1 perspectiva de revers\u00e3o dos \u00edndices de pre\u00e7os em Bras\u00edlia t\u00e3o cedo, pois a tend\u00eancia \u00e9 de que os alimentos, que vinham registrando defla\u00e7\u00e3o, voltem a subir. Para os economistas, o melhor da infla\u00e7\u00e3o ficou para tr\u00e1s. Tudo indica que o IPCA nacional ficar\u00e1 mais pr\u00f3ximo do verificado na capital do pa\u00eds, ou seja, variando entre 0,4% e 0,5% ao m\u00eas.<\/p>\n<p>&nbsp;<\/p>\n<p>Das 13 capitais pesquisadas pelo IBGE, a menor taxa em outubro foi registrada em Vit\u00f3ria, com defla\u00e7\u00e3o de 0,10%. O menos \u00edndice foi computado em Goi\u00e2nia, com varia\u00e7\u00e3o de 1,52%. Por l\u00e1, o que ajudou a manter o custo de vida t\u00e3o alto, segundo o IBGE, foi \u00a0o aumento de 18,77% nas contas de luz.<\/p>\n<p>&nbsp;<\/p>\n<p><em>Bras\u00edlia, 12h15min<\/em><\/p>\n","protected":false},"excerpt":{"rendered":"<p>HAMILTON FERRARI Os brasilienses t\u00eam toda raz\u00e3o em reclamar da alta dos pre\u00e7os. Dados divulgados nesta sexta-feira pelo Instituto Brasileiro de Geografia e Estat\u00edstica (IBGE) mostram que a infla\u00e7\u00e3o acumulada nos 12 meses terminados em outubro no Distrito Federal atingiu 4,12%, quase o dobro da m\u00e9dia nacional, de 2,70%. &nbsp; O DF, segundo o IBGE, [&hellip;]<\/p>\n","protected":false},"author":22,"featured_media":0,"comment_status":"open","ping_status":"closed","sticky":false,"template":"","format":"standard","meta":{"footnotes":""},"categories":[600],"tags":[210,926,998,2871,36,14],"class_list":["post-6464","post","type-post","status-publish","format-standard","hentry","category-economia","tag-alimentos","tag-brasilia","tag-combustiveis","tag-eletrica","tag-energia","tag-inflacao"],"_links":{"self":[{"href":"https:\/\/blogs.correiobraziliense.com.br\/vicente\/wp-json\/wp\/v2\/posts\/6464","targetHints":{"allow":["GET"]}}],"collection":[{"href":"https:\/\/blogs.correiobraziliense.com.br\/vicente\/wp-json\/wp\/v2\/posts"}],"about":[{"href":"https:\/\/blogs.correiobraziliense.com.br\/vicente\/wp-json\/wp\/v2\/types\/post"}],"author":[{"embeddable":true,"href":"https:\/\/blogs.correiobraziliense.com.br\/vicente\/wp-json\/wp\/v2\/users\/22"}],"replies":[{"embeddable":true,"href":"https:\/\/blogs.correiobraziliense.com.br\/vicente\/wp-json\/wp\/v2\/comments?post=6464"}],"version-history":[{"count":1,"href":"https:\/\/blogs.correiobraziliense.com.br\/vicente\/wp-json\/wp\/v2\/posts\/6464\/revisions"}],"predecessor-version":[{"id":6465,"href":"https:\/\/blogs.correiobraziliense.com.br\/vicente\/wp-json\/wp\/v2\/posts\/6464\/revisions\/6465"}],"wp:attachment":[{"href":"https:\/\/blogs.correiobraziliense.com.br\/vicente\/wp-json\/wp\/v2\/media?parent=6464"}],"wp:term":[{"taxonomy":"category","embeddable":true,"href":"https:\/\/blogs.correiobraziliense.com.br\/vicente\/wp-json\/wp\/v2\/categories?post=6464"},{"taxonomy":"post_tag","embeddable":true,"href":"https:\/\/blogs.correiobraziliense.com.br\/vicente\/wp-json\/wp\/v2\/tags?post=6464"}],"curies":[{"name":"wp","href":"https:\/\/api.w.org\/{rel}","templated":true}]}}