{"id":6459,"date":"2017-11-10T07:55:34","date_gmt":"2017-11-10T09:55:34","guid":{"rendered":"https:\/\/blogs.correiobraziliense.com.br\/vicente\/?p=6459"},"modified":"2017-11-10T10:58:23","modified_gmt":"2017-11-10T12:58:23","slug":"o-atraso-na-concessao-do-mane-garricha","status":"publish","type":"post","link":"https:\/\/blogs.correiobraziliense.com.br\/vicente\/o-atraso-na-concessao-do-mane-garricha\/","title":{"rendered":"O atraso na concess\u00e3o do Man\u00e9 Garricha"},"content":{"rendered":"<p>O projeto que prev\u00ea o arrendamento do est\u00e1dio Man\u00e9 Garricha para a iniciativa privada vai completar um ano, sem solu\u00e7\u00e3o \u00e0 vista.<\/p>\n<p>&nbsp;<\/p>\n<p>Agora, est\u00e1 travado por uma disputa pol\u00edtica entre o Governo do Distrito Federal, que perde quase R$ 1 milh\u00e3o por m\u00eas com o elefante branco, e o Instituto do Patrim\u00f4nio Hist\u00f3rico e Art\u00edstico Nacional (Iphan).<\/p>\n<p>&nbsp;<\/p>\n","protected":false},"excerpt":{"rendered":"<p>O projeto que prev\u00ea o arrendamento do est\u00e1dio Man\u00e9 Garricha para a iniciativa privada vai completar um ano, sem solu\u00e7\u00e3o \u00e0 vista. &nbsp; Agora, est\u00e1 travado por uma disputa pol\u00edtica entre o Governo do Distrito Federal, que perde quase R$ 1 milh\u00e3o por m\u00eas com o elefante branco, e o Instituto do Patrim\u00f4nio Hist\u00f3rico e [&hellip;]<\/p>\n","protected":false},"author":22,"featured_media":0,"comment_status":"open","ping_status":"closed","sticky":false,"template":"","format":"standard","meta":{"footnotes":""},"categories":[600],"tags":[],"class_list":["post-6459","post","type-post","status-publish","format-standard","hentry","category-economia"],"_links":{"self":[{"href":"https:\/\/blogs.correiobraziliense.com.br\/vicente\/wp-json\/wp\/v2\/posts\/6459","targetHints":{"allow":["GET"]}}],"collection":[{"href":"https:\/\/blogs.correiobraziliense.com.br\/vicente\/wp-json\/wp\/v2\/posts"}],"about":[{"href":"https:\/\/blogs.correiobraziliense.com.br\/vicente\/wp-json\/wp\/v2\/types\/post"}],"author":[{"embeddable":true,"href":"https:\/\/blogs.correiobraziliense.com.br\/vicente\/wp-json\/wp\/v2\/users\/22"}],"replies":[{"embeddable":true,"href":"https:\/\/blogs.correiobraziliense.com.br\/vicente\/wp-json\/wp\/v2\/comments?post=6459"}],"version-history":[{"count":1,"href":"https:\/\/blogs.correiobraziliense.com.br\/vicente\/wp-json\/wp\/v2\/posts\/6459\/revisions"}],"predecessor-version":[{"id":6460,"href":"https:\/\/blogs.correiobraziliense.com.br\/vicente\/wp-json\/wp\/v2\/posts\/6459\/revisions\/6460"}],"wp:attachment":[{"href":"https:\/\/blogs.correiobraziliense.com.br\/vicente\/wp-json\/wp\/v2\/media?parent=6459"}],"wp:term":[{"taxonomy":"category","embeddable":true,"href":"https:\/\/blogs.correiobraziliense.com.br\/vicente\/wp-json\/wp\/v2\/categories?post=6459"},{"taxonomy":"post_tag","embeddable":true,"href":"https:\/\/blogs.correiobraziliense.com.br\/vicente\/wp-json\/wp\/v2\/tags?post=6459"}],"curies":[{"name":"wp","href":"https:\/\/api.w.org\/{rel}","templated":true}]}}